{"id":77476,"date":"2026-05-02T09:46:52","date_gmt":"2026-05-02T05:46:52","guid":{"rendered":"https:\/\/azerbaycan.media\/?p=77476"},"modified":"2026-05-02T09:49:23","modified_gmt":"2026-05-02T05:49:23","slug":"az%c9%99rbaycan-latviya-munasib%c9%99tl%c9%99ri","status":"publish","type":"post","link":"https:\/\/azerbaycan.media\/?p=77476","title":{"rendered":"Az\u0259rbaycan\u2013Latviya m\u00fcnasib\u0259tl\u0259ri"},"content":{"rendered":"<p><strong><span style=\"color: #ff0000;\">Az\u0259rbaycan.media<\/span> x\u0259b\u0259r verir ki, t\u0259qdim olunan bu yaz\u0131 ilk d\u0259f\u0259 olaraq sayt\u0131m\u0131zda yay\u0131mlan\u0131r.<\/strong><\/p>\n<p>Az\u0259rbaycan Respublikas\u0131 il\u0259 Latviya Respublikas\u0131 aras\u0131nda m\u00fcnasib\u0259tl\u0259r m\u00fcasir beyn\u0259lxalq sistemd\u0259 qar\u015f\u0131l\u0131ql\u0131 maraqlara \u0259saslanan \u0259m\u0259kda\u015fl\u0131q modell\u0259rind\u0259n biri kimi formala\u015f\u0131b. Bu \u0259laq\u0259l\u0259r h\u0259m siyasi, h\u0259m iqtisadi, h\u0259m d\u0259 t\u0259hl\u00fck\u0259sizlik sah\u0259l\u0259rind\u0259 \u00f6z\u00fcn\u00fc g\u00f6st\u0259rir v\u0259 Avropa il\u0259 C\u0259nubi Qafqaz aras\u0131nda m\u00fch\u00fcm k\u00f6rp\u00fc rolunu oynay\u0131r.<br \/>\nAz\u0259rbaycan il\u0259 Latviya aras\u0131nda diplomatik m\u00fcnasib\u0259tl\u0259r 1994-c\u00fc ild\u0259 qurulub. H\u0259r iki d\u00f6vl\u0259tin Sovet \u0130ttifaq\u0131n\u0131n da\u011f\u0131lmas\u0131ndan sonra m\u00fcst\u0259qillik \u0259ld\u0259 etdiyin\u0259 g\u00f6r\u0259 onlar\u0131n xarici siyas\u0259t kursunda ox\u015far prioritetl\u0259r var. Bunlar d\u00f6vl\u0259t suverenliyinin m\u00f6hk\u0259ml\u0259ndirilm\u0259si, beyn\u0259lxalq t\u0259\u015fkilatlara inteqrasiya v\u0259 \u00e7oxt\u0259r\u0259fli \u0259m\u0259kda\u015fl\u0131qd\u0131r. Diplomatik m\u00fcnasib\u0259tl\u0259rin qurulmas\u0131ndan sonra t\u0259r\u0259fl\u0259r aras\u0131nda siyasi dialoq intensiv xarakter alaraq, y\u00fcks\u0259k s\u0259viyy\u0259li qar\u015f\u0131l\u0131ql\u0131 s\u0259f\u0259rl\u0259r t\u0259\u015fkil olunub v\u0259 m\u00fcxt\u0259lif sah\u0259l\u0259r \u00fczr\u0259 h\u00fcquqi baza formala\u015f\u0131b. Bu proses d\u0259 ikit\u0259r\u0259fli m\u00fcnasib\u0259tl\u0259rin institusional \u0259saslar\u0131n\u0131 m\u00f6hk\u0259ml\u0259ndirir.<br \/>\nLatviya Avropa \u0130ttifaq\u0131 v\u0259 NATO \u00fczv\u00fc kimi Az\u0259rbaycan\u0131n Avropa strukturlar\u0131 il\u0259 \u0259m\u0259kda\u015fl\u0131\u011f\u0131nda m\u00fch\u00fcm rol oynay\u0131r. Az\u0259rbaycan \u00fc\u00e7\u00fcn Latviya Baltik regionunda etibarl\u0131 t\u0259r\u0259fda\u015f olmaqla yana\u015f\u0131, Avropa bazarlar\u0131na \u00e7\u0131x\u0131\u015f \u00fc\u00e7\u00fcn strateji platformad\u0131r. Dig\u0259r t\u0259r\u0259fd\u0259n, Latviya Az\u0259rbaycan\u0131 enerji resurslar\u0131 v\u0259 n\u0259qliyyat-logistika imkanlar\u0131 bax\u0131m\u0131ndan \u00f6n\u0259mli t\u0259r\u0259fda\u015f kimi qiym\u0259tl\u0259ndirir. X\u00fcsusil\u0259 enerji t\u0259hl\u00fck\u0259sizliyi m\u0259s\u0259l\u0259l\u0259ri Avropa \u00fc\u00e7\u00fcn prioritet oldu\u011fundan \u00f6lk\u0259mizin bu sah\u0259d\u0259 rolu getdikc\u0259 art\u0131r. Bu kontekstd\u0259 Latviya bizim Avropa enerji bazar\u0131na inteqrasiyas\u0131na siyasi d\u0259st\u0259k ver\u0259n \u00f6lk\u0259l\u0259rd\u0259n biri kimi \u00e7\u0131x\u0131\u015f edir.<br \/>\n\u0130qtisadi \u0259m\u0259kda\u015fl\u0131q Az\u0259rbaycan\u2013Latviya m\u00fcnasib\u0259tl\u0259rinin \u0259sas istiqam\u0259tl\u0259rind\u0259n biridir. Ticar\u0259t d\u00f6vriyy\u0259sinin art\u0131r\u0131lmas\u0131, investisiya m\u00fchitinin yax\u015f\u0131la\u015fd\u0131r\u0131lmas\u0131 v\u0259 qar\u015f\u0131l\u0131ql\u0131 biznes forumlar\u0131n t\u0259\u015fkili bu sah\u0259d\u0259 \u0259sas f\u0259aliyy\u0259tl\u0259rd\u0259ndir.<br \/>\nN\u0259qliyyat v\u0259 logistika sah\u0259sind\u0259 \u0259m\u0259kda\u015fl\u0131q x\u00fcsusil\u0259 diqq\u0259t\u0259layiqdir. Orta D\u0259hliz layih\u0259si \u00e7\u0259r\u00e7iv\u0259sind\u0259 Az\u0259rbaycan v\u0259 Latviya aras\u0131nda \u0259m\u0259kda\u015fl\u0131q Avropa il\u0259 Asiya aras\u0131nda y\u00fck da\u015f\u0131malar\u0131n\u0131n optimalla\u015fd\u0131r\u0131lmas\u0131na xidm\u0259t edir. Latviyan\u0131n liman infrastrukturu il\u0259 Az\u0259rbaycan\u0131n tranzit imkanlar\u0131n\u0131n birl\u0259\u015fm\u0259si yeni iqtisadi sinerji yarad\u0131r.<br \/>\nLatviya Prezidentinin Az\u0259rbaycana s\u0259f\u0259ri ikit\u0259r\u0259fli m\u00fcnasib\u0259tl\u0259rin inki\u015faf\u0131nda m\u00fch\u00fcm m\u0259rh\u0259l\u0259 kimi qiym\u0259tl\u0259ndirm\u0259k olar. S\u0259f\u0259r \u00e7\u0259r\u00e7iv\u0259sind\u0259 ke\u00e7iril\u0259n g\u00f6r\u00fc\u015fl\u0259rd\u0259 siyasi dialoqun d\u0259rinl\u0259\u015fdirilm\u0259si, iqtisadi \u0259laq\u0259l\u0259rin geni\u015fl\u0259ndirilm\u0259si v\u0259 regional t\u0259hl\u00fck\u0259sizlik m\u0259s\u0259l\u0259l\u0259ri geni\u015f \u015f\u0259kild\u0259 m\u00fczakir\u0259 olundu. G\u00f6r\u00fc\u015fl\u0259r zaman\u0131 t\u0259r\u0259fl\u0259r enerji t\u0259hl\u00fck\u0259sizliyi, n\u0259qliyyat mar\u015frutlar\u0131n\u0131n inki\u015faf\u0131 v\u0259 beyn\u0259lxalq t\u0259\u015fkilatlar \u00e7\u0259r\u00e7iv\u0259sind\u0259 \u0259m\u0259kda\u015fl\u0131q kimi m\u0259s\u0259l\u0259l\u0259r\u0259 x\u00fcsusi diqq\u0259t yetirdil\u0259r. \u018flb\u0259tt\u0259 ki, bu m\u00fczakir\u0259l\u0259r qar\u015f\u0131l\u0131ql\u0131 etimad\u0131n artmas\u0131na v\u0259 strateji t\u0259r\u0259fda\u015fl\u0131\u011f\u0131n g\u00fccl\u0259nm\u0259sin\u0259 xidm\u0259t edir.<br \/>\nS\u0259f\u0259r \u00e7\u0259r\u00e7iv\u0259sind\u0259 imzalanan s\u0259n\u0259dl\u0259r iqtisadi, logistika, t\u0259hsil v\u0259 innovasiya sah\u0259l\u0259rini \u0259hat\u0259 edir. Bu s\u0259n\u0259dl\u0259r ikit\u0259r\u0259fli m\u00fcnasib\u0259tl\u0259rin h\u00fcquqi bazas\u0131n\u0131 daha da m\u00f6hk\u0259ml\u0259ndir\u0259r\u0259k uzunm\u00fcdd\u0259tli \u0259m\u0259kda\u015fl\u0131q \u00fc\u00e7\u00fcn z\u0259min yaradacaq.<br \/>\nAz\u0259rbaycan\u2013Latviya m\u00fcnasib\u0259tl\u0259ri qar\u015f\u0131l\u0131ql\u0131 fayda prinsipin\u0259 \u0259saslan\u0131r. Az\u0259rbaycan \u00fc\u00e7\u00fcn bu \u0259m\u0259kda\u015fl\u0131q Avropa il\u0259 \u0259laq\u0259l\u0259rin d\u0259rinl\u0259\u015fdirilm\u0259si bax\u0131m\u0131ndan \u0259h\u0259miyy\u0259tlidir. Latviya \u00fc\u00e7\u00fcn is\u0259 Az\u0259rbaycan C\u0259nubi Qafqaz regionunda strateji t\u0259r\u0259fda\u015fd\u0131r. Bu m\u00fcnasib\u0259tl\u0259r h\u0259m d\u0259 geosiyasi balans\u0131n qorunmas\u0131na xidm\u0259t edir. Avropa \u0130ttifaq\u0131 il\u0259 Az\u0259rbaycan aras\u0131nda \u0259laq\u0259l\u0259rin inki\u015faf\u0131nda Latviya kimi \u00f6lk\u0259l\u0259rin rolu bizim \u00fc\u00e7\u00fcn x\u00fcsusi \u0259h\u0259miyy\u0259t k\u0259sb edir.<br \/>\nN\u0259tic\u0259 etibaril\u0259, Az\u0259rbaycan\u2013Latviya m\u00fcnasib\u0259tl\u0259ri dinamik inki\u015faf ed\u0259n v\u0259 strateji \u0259h\u0259miyy\u0259t\u0259 malik \u0259m\u0259kda\u015fl\u0131q modelidir. Latviya Prezidentinin Az\u0259rbaycana s\u0259f\u0259ri v\u0259 Bak\u0131 m\u00fczakir\u0259l\u0259ri g\u00f6st\u0259rir ki, bu m\u00fcnasib\u0259tl\u0259r g\u0259l\u0259c\u0259kd\u0259 daha da geni\u015fl\u0259n\u0259c\u0259k v\u0259 yeni sah\u0259l\u0259ri \u0259hat\u0259 ed\u0259c\u0259kdir.<\/p>\n<p><img loading=\"lazy\" decoding=\"async\" class=\"alignnone wp-image-77478\" src=\"https:\/\/azerbaycan.media\/wp-content\/uploads\/2026\/05\/WhatsApp-Image-2026-05-02-at-09.43.44-1024x787.jpeg\" alt=\"\" width=\"397\" height=\"305\" srcset=\"https:\/\/azerbaycan.media\/wp-content\/uploads\/2026\/05\/WhatsApp-Image-2026-05-02-at-09.43.44-1024x787.jpeg 1024w, https:\/\/azerbaycan.media\/wp-content\/uploads\/2026\/05\/WhatsApp-Image-2026-05-02-at-09.43.44-768x590.jpeg 768w, https:\/\/azerbaycan.media\/wp-content\/uploads\/2026\/05\/WhatsApp-Image-2026-05-02-at-09.43.44.jpeg 1047w\" sizes=\"auto, (max-width: 397px) 100vw, 397px\" \/><\/p>\n<p><span style=\"color: #ff0000;\"><strong data-start=\"230\" data-end=\"282\">M\u00fc\u0259llif: Yal\u00e7\u0131n Hac\u0131zad\u0259 \u2013 h\u00fcquq\u015f\u00fcnas, politoloq\u00a0<\/strong><\/span><br data-start=\"282\" data-end=\"285\" \/><span style=\"color: #ff0000;\"><strong data-start=\"285\" data-end=\"312\">M\u0259nb\u0259: Az\u0259rbaycan.media<\/strong><\/span><\/p>\n","protected":false},"excerpt":{"rendered":"<p>Az\u0259rbaycan.media x\u0259b\u0259r verir ki, t\u0259qdim olunan bu yaz\u0131 ilk d\u0259f\u0259 olaraq sayt\u0131m\u0131zda yay\u0131mlan\u0131r. Az\u0259rbaycan Respublikas\u0131 il\u0259 Latviya Respublikas\u0131 aras\u0131nda m\u00fcnasib\u0259tl\u0259r m\u00fcasir beyn\u0259lxalq sistemd\u0259 qar\u015f\u0131l\u0131ql\u0131 maraqlara \u0259saslanan \u0259m\u0259kda\u015fl\u0131q modell\u0259rind\u0259n biri kimi&hellip; <\/p>\n","protected":false},"author":537,"featured_media":77481,"comment_status":"closed","ping_status":"closed","sticky":false,"template":"","format":"standard","meta":{"footnotes":""},"categories":[1,70],"tags":[],"class_list":["post-77476","post","type-post","status-publish","format-standard","has-post-thumbnail","hentry","category-manset","category-thlil"],"_links":{"self":[{"href":"https:\/\/azerbaycan.media\/index.php?rest_route=\/wp\/v2\/posts\/77476","targetHints":{"allow":["GET"]}}],"collection":[{"href":"https:\/\/azerbaycan.media\/index.php?rest_route=\/wp\/v2\/posts"}],"about":[{"href":"https:\/\/azerbaycan.media\/index.php?rest_route=\/wp\/v2\/types\/post"}],"author":[{"embeddable":true,"href":"https:\/\/azerbaycan.media\/index.php?rest_route=\/wp\/v2\/users\/537"}],"replies":[{"embeddable":true,"href":"https:\/\/azerbaycan.media\/index.php?rest_route=%2Fwp%2Fv2%2Fcomments&post=77476"}],"version-history":[{"count":2,"href":"https:\/\/azerbaycan.media\/index.php?rest_route=\/wp\/v2\/posts\/77476\/revisions"}],"predecessor-version":[{"id":77484,"href":"https:\/\/azerbaycan.media\/index.php?rest_route=\/wp\/v2\/posts\/77476\/revisions\/77484"}],"wp:featuredmedia":[{"embeddable":true,"href":"https:\/\/azerbaycan.media\/index.php?rest_route=\/wp\/v2\/media\/77481"}],"wp:attachment":[{"href":"https:\/\/azerbaycan.media\/index.php?rest_route=%2Fwp%2Fv2%2Fmedia&parent=77476"}],"wp:term":[{"taxonomy":"category","embeddable":true,"href":"https:\/\/azerbaycan.media\/index.php?rest_route=%2Fwp%2Fv2%2Fcategories&post=77476"},{"taxonomy":"post_tag","embeddable":true,"href":"https:\/\/azerbaycan.media\/index.php?rest_route=%2Fwp%2Fv2%2Ftags&post=77476"}],"curies":[{"name":"wp","href":"https:\/\/api.w.org\/{rel}","templated":true}]}}