{"id":77470,"date":"2026-05-02T08:05:50","date_gmt":"2026-05-02T04:05:50","guid":{"rendered":"https:\/\/azerbaycan.media\/?p=77470"},"modified":"2026-05-02T08:06:37","modified_gmt":"2026-05-02T04:06:37","slug":"mill%c9%99t-v%c9%99kili-elnar%c9%99-akimova-milli-m%c9%99clisin-avropa-parlamenti-il%c9%99-%c9%99m%c9%99kdasligi-dayandirmasi-aydin-siyasi-siqnaldir","status":"publish","type":"post","link":"https:\/\/azerbaycan.media\/?p=77470","title":{"rendered":"Mill\u0259t v\u0259kili Elnar\u0259 Akimova: Milli M\u0259clisin Avropa Parlamenti il\u0259 \u0259m\u0259kda\u015fl\u0131\u011f\u0131 dayand\u0131rmas\u0131 ayd\u0131n siyasi siqnald\u0131r"},"content":{"rendered":"<p><span style=\"color: #ff0000;\"><strong>Az\u0259rbaycan.media<\/strong><\/span> x\u0259b\u0259r verir ki, Milli M\u0259clisin deputat\u0131 Elnar\u0259 Akimova parlamentin Avropa Parlamenti il\u0259 \u0259m\u0259kda\u015fl\u0131\u011f\u0131 dayand\u0131rmaq q\u0259rar\u0131n\u0131 \u015f\u0259rh edib.<br \/>\nOnun s\u00f6zl\u0259rin\u0259 g\u00f6r\u0259, Avropa Parlamenti son ill\u0259rd\u0259 Az\u0259rbaycana m\u00fcnasib\u0259td\u0259 tutdu\u011fu m\u00f6vqe il\u0259 a\u00e7\u0131q \u015f\u0259kild\u0259 q\u0259r\u0259zli siyasi m\u0259rk\u0259z\u0259 \u00e7evrildiyini n\u00fcmayi\u015f etdirir. Deputat bildirib ki, eyni regionda ba\u015f ver\u0259n hadis\u0259l\u0259r\u0259 selektiv yana\u015fma, eyni faktlara f\u0259rqli m\u00fcnasib\u0259t beyn\u0259lxalq h\u00fcquqa v\u0259 Avropan\u0131n daim t\u0259bli\u011f etdiyi \u201cd\u0259y\u0259rl\u0259r sistemin\u0259\u201d uy\u011fun deyil.<br \/>\n\u201cAvropan\u0131n siyasi dair\u0259l\u0259rin\u0259 art\u0131q a\u00e7\u0131q v\u0259 s\u0259rt \u015f\u0259kild\u0259 dem\u0259k laz\u0131md\u0131r: \u0259g\u0259r \u0259dal\u0259td\u0259n dan\u0131\u015f\u0131rs\u0131n\u0131zsa, \u0259vv\u0259lc\u0259 \u00f6z\u00fcn\u00fczd\u0259n ba\u015flay\u0131n\u201d, \u2013 dey\u0259 o vur\u011fulay\u0131b.<br \/>\nElnar\u0259 Akimova qeyd edib ki, Milli M\u0259clisin bu g\u00fcn q\u0259bul etdiyi q\u0259rar emosional add\u0131m deyil, ill\u0259r boyu y\u0131\u011f\u0131l\u0131b qalan \u0259dal\u0259tsizliy\u0259 verilmi\u015f siyasi cavabd\u0131r:<br \/>\n\u201cParlamentl\u0259raras\u0131 dialoq yaln\u0131z qar\u015f\u0131l\u0131ql\u0131 h\u00f6rm\u0259t v\u0259 obyektivlik olduqda m\u0259na k\u0259sb edir. \u018fg\u0259r bu platforma birt\u0259r\u0259fli ittihamlar v\u0259 q\u0259r\u0259zli q\u0259tnam\u0259l\u0259r \u00fc\u00e7\u00fcn tribuna kimi istifad\u0259 olunursa, orada i\u015ftirak formal xarakter da\u015f\u0131y\u0131r v\u0259 real n\u0259tic\u0259 vermir\u201d.<br \/>\nDeputat diqq\u0259t\u0259 \u00e7atd\u0131r\u0131b ki, m\u0259s\u0259l\u0259 ba\u015fqa c\u00fcr qoyulmal\u0131d\u0131r: niy\u0259 Avropa Parlamenti art\u0131q 13-c\u00fc d\u0259f\u0259 Az\u0259rbaycana qar\u015f\u0131 q\u0259tnam\u0259 q\u0259bul edir? Onun fikrinc\u0259, Az\u0259rbaycan\u0131n h\u0259r bir u\u011furundan sonra yeni siyasi h\u00fccumlar\u0131n ba\u015f verm\u0259si t\u0259sad\u00fcfi deyil.<br \/>\nAkimova \u0259lav\u0259 edib ki, Avropada uzun ill\u0259rdir m\u00fcxt\u0259lif t\u0259sir qruplar\u0131, x\u00fcsusil\u0259 erm\u0259ni diaspor \u015f\u0259b\u0259k\u0259l\u0259ri f\u0259al \u015f\u0259kild\u0259 f\u0259aliyy\u0259t g\u00f6st\u0259r\u0259r\u0259k siyasi platformalarda informasiya g\u00fcnd\u0259mini formala\u015fd\u0131r\u0131r. Bu t\u0259sirin ayr\u0131-ayr\u0131 deputatlar\u0131n \u00e7\u0131x\u0131\u015flar\u0131nda, t\u0259krarlanan tezisl\u0259rd\u0259 v\u0259 t\u0259\u015f\u0259bb\u00fcsl\u0259rd\u0259 a\u00e7\u0131q \u015f\u0259kild\u0259 m\u00fc\u015fahid\u0259 olundu\u011funu dey\u0259n deputat vur\u011fulay\u0131b ki, n\u0259tic\u0259d\u0259 regiondak\u0131 real m\u0259nz\u0259r\u0259 t\u0259hrif edilir v\u0259 Az\u0259rbaycan m\u0259qs\u0259dli \u015f\u0259kild\u0259 t\u0259zyiq obyektin\u0259 \u00e7evrilir.<br \/>\nOnun s\u00f6zl\u0259rin\u0259 g\u00f6r\u0259, maraql\u0131d\u0131r ki, eyni Avropa siyasi liderl\u0259ri regionla ba\u011fl\u0131 real q\u0259rarlar q\u0259bul ed\u0259rk\u0259n f\u0259rqli davran\u0131rlar:<br \/>\n\u201cErm\u0259nistanda ke\u00e7iril\u0259n g\u00f6r\u00fc\u015fl\u0259r \u0259r\u0259f\u0259sind\u0259 apar\u0131c\u0131 Avropa liderl\u0259ri \u0259vv\u0259lc\u0259 Az\u0259rbaycana s\u0259f\u0259r edir, Prezidentl\u0259 m\u0259sl\u0259h\u0259tl\u0259\u015fm\u0259l\u0259r apar\u0131r v\u0259 \u00f6lk\u0259mizin regiondak\u0131 rolunu a\u00e7\u0131q \u015f\u0259kild\u0259 etiraf edirl\u0259r. Bu fakt \u00f6z\u00fc h\u0259r \u015feyi deyir. Az\u0259rbaycan art\u0131q enerji t\u0259hl\u00fck\u0259sizliyi, n\u0259qliyyat mar\u015frutlar\u0131 v\u0259 regional sabitlik bax\u0131m\u0131ndan Avropa \u0130ttifaq\u0131 \u00fc\u00e7\u00fcn strateji \u0259h\u0259miyy\u0259t da\u015f\u0131yan \u00f6lk\u0259dir\u201d.<br \/>\nDeputat hesab edir ki, bir t\u0259r\u0259fd\u0259n bu reall\u0131\u011f\u0131 q\u0259bul edib \u0259m\u0259kda\u015fl\u0131q axtarmaq, dig\u0259r t\u0259r\u0259fd\u0259n is\u0259 siyasi tribunalardan tam \u0259ks ritorika s\u0259sl\u0259ndirm\u0259k a\u00e7\u0131q ikili standartd\u0131r v\u0259 bel\u0259 yana\u015fma n\u0259 s\u0259mimidir, n\u0259 d\u0259 davaml\u0131.<br \/>\n&lt;span;&gt;Akimova vur\u011fulay\u0131b ki, Az\u0259rbaycan \u00f6z m\u00f6vqeyind\u0259 q\u0259tidir:<br \/>\n\u201cBiz \u0259razi b\u00fct\u00f6vl\u00fcy\u00fcm\u00fcz\u00fc beyn\u0259lxalq h\u00fcquqa \u0259sas\u0259n b\u0259rpa etmi\u015fik v\u0259 bu fakt\u0131 he\u00e7 kim d\u0259yi\u015f\u0259 bilm\u0259z. Bizi &#8220;aqressor&#8221; kimi t\u0259qdim etm\u0259k c\u0259hdl\u0259ri ya s\u0259ri\u015ft\u0259sizliyin, ya da m\u0259qs\u0259dli manipulyasiyan\u0131n n\u0259tic\u0259sidir. He\u00e7 bir t\u0259zyiq Az\u0259rbaycan\u0131 prinsipial m\u00f6vqeyind\u0259n d\u00f6nd\u0259r\u0259 bilm\u0259z. Bu g\u00fcn q\u0259bul edil\u0259n q\u0259rarlar sad\u0259c\u0259 diplomatik jest deyil, ayd\u0131n siyasi siqnald\u0131r: Az\u0259rbaycan b\u0259rab\u0259rh\u00fcquqlu m\u00fcnasib\u0259tl\u0259r t\u0259l\u0259b edir. \u018fg\u0259r Avropa Parlamenti v\u0259 \u00fcmumilikd\u0259 Avropa \u0130ttifaq\u0131 bu reall\u0131\u011f\u0131 q\u0259bul etm\u0259zs\u0259, n\u0259tic\u0259d\u0259 uduzan t\u0259r\u0259f m\u0259hz Avropa olacaq. \u00c7\u00fcnki q\u0259r\u0259z \u00fcz\u0259rind\u0259 qurulan siyas\u0259t n\u0259 etimad, n\u0259 t\u0259r\u0259fda\u015fl\u0131q, n\u0259 d\u0259 s\u00fclh yarad\u0131r\u201d.<\/p>\n<p><span style=\"color: #ff0000;\"><strong>M\u0259nb\u0259: Az\u0259rbaycan.media<\/strong><\/span><br \/>\n<!--\/data\/user\/0\/com.samsung.android.app.notes\/files\/clipdata\/clipdata_bodytext_260502_080014_699.sdocx--><\/p>\n","protected":false},"excerpt":{"rendered":"<p>Az\u0259rbaycan.media x\u0259b\u0259r verir ki, Milli M\u0259clisin deputat\u0131 Elnar\u0259 Akimova parlamentin Avropa Parlamenti il\u0259 \u0259m\u0259kda\u015fl\u0131\u011f\u0131 dayand\u0131rmaq q\u0259rar\u0131n\u0131 \u015f\u0259rh edib. Onun s\u00f6zl\u0259rin\u0259 g\u00f6r\u0259, Avropa Parlamenti son ill\u0259rd\u0259 Az\u0259rbaycana m\u00fcnasib\u0259td\u0259 tutdu\u011fu m\u00f6vqe il\u0259&hellip; <\/p>\n","protected":false},"author":537,"featured_media":77472,"comment_status":"closed","ping_status":"closed","sticky":false,"template":"","format":"standard","meta":{"footnotes":""},"categories":[1,70],"tags":[],"class_list":["post-77470","post","type-post","status-publish","format-standard","has-post-thumbnail","hentry","category-manset","category-thlil"],"_links":{"self":[{"href":"https:\/\/azerbaycan.media\/index.php?rest_route=\/wp\/v2\/posts\/77470","targetHints":{"allow":["GET"]}}],"collection":[{"href":"https:\/\/azerbaycan.media\/index.php?rest_route=\/wp\/v2\/posts"}],"about":[{"href":"https:\/\/azerbaycan.media\/index.php?rest_route=\/wp\/v2\/types\/post"}],"author":[{"embeddable":true,"href":"https:\/\/azerbaycan.media\/index.php?rest_route=\/wp\/v2\/users\/537"}],"replies":[{"embeddable":true,"href":"https:\/\/azerbaycan.media\/index.php?rest_route=%2Fwp%2Fv2%2Fcomments&post=77470"}],"version-history":[{"count":2,"href":"https:\/\/azerbaycan.media\/index.php?rest_route=\/wp\/v2\/posts\/77470\/revisions"}],"predecessor-version":[{"id":77475,"href":"https:\/\/azerbaycan.media\/index.php?rest_route=\/wp\/v2\/posts\/77470\/revisions\/77475"}],"wp:featuredmedia":[{"embeddable":true,"href":"https:\/\/azerbaycan.media\/index.php?rest_route=\/wp\/v2\/media\/77472"}],"wp:attachment":[{"href":"https:\/\/azerbaycan.media\/index.php?rest_route=%2Fwp%2Fv2%2Fmedia&parent=77470"}],"wp:term":[{"taxonomy":"category","embeddable":true,"href":"https:\/\/azerbaycan.media\/index.php?rest_route=%2Fwp%2Fv2%2Fcategories&post=77470"},{"taxonomy":"post_tag","embeddable":true,"href":"https:\/\/azerbaycan.media\/index.php?rest_route=%2Fwp%2Fv2%2Ftags&post=77470"}],"curies":[{"name":"wp","href":"https:\/\/api.w.org\/{rel}","templated":true}]}}