{"id":77452,"date":"2026-05-01T14:32:57","date_gmt":"2026-05-01T10:32:57","guid":{"rendered":"https:\/\/azerbaycan.media\/?p=77452"},"modified":"2026-05-01T14:32:57","modified_gmt":"2026-05-01T10:32:57","slug":"susada-dim-l%c9%99rin-lokallasdirilmasi-uzr%c9%99-pilot-layih%c9%99y%c9%99-start-verildi","status":"publish","type":"post","link":"https:\/\/azerbaycan.media\/?p=77452","title":{"rendered":"\u015eu\u015fada D\u0130M-l\u0259rin lokalla\u015fd\u0131r\u0131lmas\u0131 \u00fczr\u0259 pilot layih\u0259y\u0259 start verildi"},"content":{"rendered":"<p><strong>Az\u0259rbaycan.media<\/strong> x\u0259b\u0259r verir ki, \u015eu\u015fada Dayan\u0131ql\u0131 \u0130nki\u015faf M\u0259qs\u0259dl\u0259rinin (D\u0130M) lokalla\u015fd\u0131r\u0131lmas\u0131 \u00fczr\u0259 pilot layih\u0259nin icras\u0131na ba\u015flan\u0131l\u0131b.<br \/>\nLayih\u0259 \u00e7\u0259r\u00e7iv\u0259sind\u0259 \u015eu\u015fada ke\u00e7iril\u0259n ilk g\u00f6r\u00fc\u015fd\u0259 aidiyy\u0259ti d\u00f6vl\u0259t qurumlar\u0131n\u0131n n\u00fcmay\u0259nd\u0259l\u0259ri, \u00f6z\u0259l sektor t\u0259msil\u00e7il\u0259ri v\u0259 v\u0259t\u0259nda\u015f c\u0259miyy\u0259ti institutlar\u0131 i\u015ftirak edibl\u0259r. T\u0259dbird\u0259 \u0130qtisadiyyat Nazirliyi t\u0259r\u0259find\u0259n bildirilib ki, D\u0130M-l\u0259rin yerli s\u0259viyy\u0259d\u0259 t\u0259tbiqi \u00f6lk\u0259nin sosial-iqtisadi inki\u015faf prioritetl\u0259ri bax\u0131m\u0131ndan x\u00fcsusi \u0259h\u0259miyy\u0259t da\u015f\u0131y\u0131r.<br \/>\nG\u00f6r\u00fc\u015fd\u0259 Ayd\u0131n K\u0259rimov v\u0259 iqtisadiyyat nazirinin m\u00fc\u015faviri H\u00fcseyn H\u00fcseynov \u00e7\u0131x\u0131\u015f ed\u0259r\u0259k D\u0130M-l\u0259rin lokalla\u015fd\u0131r\u0131lmas\u0131n\u0131n vacibliyi, d\u00f6vl\u0259t qurumlar\u0131n\u0131n bu prosesd\u0259 rolu v\u0259 qar\u015f\u0131dak\u0131 \u0259sas prioritetl\u0259r bar\u0259d\u0259 m\u0259lumat veribl\u0259r.<br \/>\nM\u00fczakir\u0259l\u0259r zaman\u0131 D\u0130M-l\u0259rin lokalla\u015fd\u0131r\u0131lmas\u0131 prosesi, beyn\u0259lxalq t\u0259cr\u00fcb\u0259, \u015f\u0259h\u0259r s\u0259viyy\u0259sind\u0259 t\u0259tbiqin sosial-iqtisadi t\u0259sirl\u0259ri, el\u0259c\u0259 d\u0259 d\u00f6vl\u0259t, \u00f6z\u0259l sektor v\u0259 v\u0259t\u0259nda\u015f c\u0259miyy\u0259tinin \u0259m\u0259kda\u015fl\u0131q imkanlar\u0131 geni\u015f m\u00fczakir\u0259 olunub. H\u0259m\u00e7inin n\u00f6vb\u0259ti m\u0259rh\u0259l\u0259d\u0259 h\u0259yata ke\u00e7iril\u0259c\u0259k f\u0259aliyy\u0259tl\u0259r v\u0259 koordinasiya mexanizml\u0259ri \u0259traf\u0131nda fikir m\u00fcbadil\u0259si apar\u0131l\u0131b.<br \/>\nBundan \u0259lav\u0259, Xank\u0259ndi \u015f\u0259h\u0259rind\u0259 yerl\u0259\u015f\u0259n Qaraba\u011f Universitetind\u0259 akademik hey\u0259t v\u0259 t\u0259l\u0259b\u0259l\u0259rl\u0259 g\u00f6r\u00fc\u015f t\u0259\u015fkil olunub. T\u0259dbird\u0259 universitetin rektoru \u015eahin Bayramov v\u0259 H\u00fcseyn H\u00fcseynov D\u0130M-l\u0259rin elmi t\u0259dqiqatlarda \u0259h\u0259miyy\u0259ti v\u0259 lokalla\u015fd\u0131rma prosesind\u0259 akademik dair\u0259l\u0259rin rolu bar\u0259d\u0259 fikirl\u0259rini b\u00f6l\u00fc\u015f\u00fcbl\u0259r.<br \/>\nQeyd ed\u0259k ki, D\u0130M-l\u0259rin lokalla\u015fd\u0131r\u0131lmas\u0131 \u00fczr\u0259 yeni istiqam\u0259t\u0259 start verilib v\u0259 bu \u00e7\u0259r\u00e7iv\u0259d\u0259 \u015eu\u015fa v\u0259 Nax\u00e7\u0131van pilot \u0259razil\u0259r kimi m\u00fc\u0259yy\u0259n edilib. Qar\u015f\u0131dak\u0131 ill\u0259rd\u0259 D\u0130M-l\u0259rin yerli s\u0259viyy\u0259d\u0259 t\u0259tbiqi v\u0259 inteqrasiyas\u0131 istiqam\u0259tind\u0259 m\u0259rh\u0259l\u0259li t\u0259dbirl\u0259rin h\u0259yata ke\u00e7irilm\u0259si n\u0259z\u0259rd\u0259 tutulur.<\/p>\n","protected":false},"excerpt":{"rendered":"<p>Az\u0259rbaycan.media x\u0259b\u0259r verir ki, \u015eu\u015fada Dayan\u0131ql\u0131 \u0130nki\u015faf M\u0259qs\u0259dl\u0259rinin (D\u0130M) lokalla\u015fd\u0131r\u0131lmas\u0131 \u00fczr\u0259 pilot layih\u0259nin icras\u0131na ba\u015flan\u0131l\u0131b. Layih\u0259 \u00e7\u0259r\u00e7iv\u0259sind\u0259 \u015eu\u015fada ke\u00e7iril\u0259n ilk g\u00f6r\u00fc\u015fd\u0259 aidiyy\u0259ti d\u00f6vl\u0259t qurumlar\u0131n\u0131n n\u00fcmay\u0259nd\u0259l\u0259ri, \u00f6z\u0259l sektor t\u0259msil\u00e7il\u0259ri v\u0259 v\u0259t\u0259nda\u015f&hellip; <\/p>\n","protected":false},"author":537,"featured_media":77453,"comment_status":"closed","ping_status":"closed","sticky":false,"template":"","format":"standard","meta":{"footnotes":""},"categories":[75],"tags":[],"class_list":["post-77452","post","type-post","status-publish","format-standard","has-post-thumbnail","hentry","category-xbrlr"],"_links":{"self":[{"href":"https:\/\/azerbaycan.media\/index.php?rest_route=\/wp\/v2\/posts\/77452","targetHints":{"allow":["GET"]}}],"collection":[{"href":"https:\/\/azerbaycan.media\/index.php?rest_route=\/wp\/v2\/posts"}],"about":[{"href":"https:\/\/azerbaycan.media\/index.php?rest_route=\/wp\/v2\/types\/post"}],"author":[{"embeddable":true,"href":"https:\/\/azerbaycan.media\/index.php?rest_route=\/wp\/v2\/users\/537"}],"replies":[{"embeddable":true,"href":"https:\/\/azerbaycan.media\/index.php?rest_route=%2Fwp%2Fv2%2Fcomments&post=77452"}],"version-history":[{"count":1,"href":"https:\/\/azerbaycan.media\/index.php?rest_route=\/wp\/v2\/posts\/77452\/revisions"}],"predecessor-version":[{"id":77454,"href":"https:\/\/azerbaycan.media\/index.php?rest_route=\/wp\/v2\/posts\/77452\/revisions\/77454"}],"wp:featuredmedia":[{"embeddable":true,"href":"https:\/\/azerbaycan.media\/index.php?rest_route=\/wp\/v2\/media\/77453"}],"wp:attachment":[{"href":"https:\/\/azerbaycan.media\/index.php?rest_route=%2Fwp%2Fv2%2Fmedia&parent=77452"}],"wp:term":[{"taxonomy":"category","embeddable":true,"href":"https:\/\/azerbaycan.media\/index.php?rest_route=%2Fwp%2Fv2%2Fcategories&post=77452"},{"taxonomy":"post_tag","embeddable":true,"href":"https:\/\/azerbaycan.media\/index.php?rest_route=%2Fwp%2Fv2%2Ftags&post=77452"}],"curies":[{"name":"wp","href":"https:\/\/api.w.org\/{rel}","templated":true}]}}