{"id":77444,"date":"2026-05-01T13:51:38","date_gmt":"2026-05-01T09:51:38","guid":{"rendered":"https:\/\/azerbaycan.media\/?p=77444"},"modified":"2026-05-01T13:51:38","modified_gmt":"2026-05-01T09:51:38","slug":"az%c9%99rbaycanda-jeton-sistemi-genisl%c9%99ndiril%c9%99-bil%c9%99r-yeni-sah%c9%99l%c9%99r-gund%c9%99md%c9%99","status":"publish","type":"post","link":"https:\/\/azerbaycan.media\/?p=77444","title":{"rendered":"Az\u0259rbaycanda jeton sistemi geni\u015fl\u0259ndiril\u0259 bil\u0259r \u2013 yeni sah\u0259l\u0259r g\u00fcnd\u0259md\u0259"},"content":{"rendered":"<p><strong>Az\u0259rbaycan.media<\/strong> x\u0259b\u0259r verir ki, Milli M\u0259clisd\u0259 m\u00fczakir\u0259 olunan \u201cH\u0259rbi xidm\u0259tke\u00e7m\u0259 haqq\u0131nda\u201d qanun layih\u0259si \u00e7\u0259r\u00e7iv\u0259sind\u0259 jeton sisteminin t\u0259tbiqi v\u0259 geni\u015fl\u0259ndirilm\u0259si m\u0259s\u0259l\u0259si g\u00fcnd\u0259m\u0259 g\u0259lib.<br \/>\nDeputat Siyavu\u015f Novruzov parlamentin plenar iclas\u0131nda \u00e7\u0131x\u0131\u015f\u0131 zaman\u0131 bildirib ki, indiy\u0259d\u0259k b\u0259zi hallarda qeyri-r\u0259smi \u015f\u0259kild\u0259 istifad\u0259 olunan jetonlar\u0131n art\u0131q normativ qaydada haz\u0131rlanmas\u0131 v\u0259 t\u0259tbiqi z\u0259ruridir. Onun s\u00f6zl\u0259rin\u0259 g\u00f6r\u0259, t\u0259qdim olunan layih\u0259 bu bax\u0131mdan m\u00fch\u00fcm \u0259h\u0259miyy\u0259t da\u015f\u0131y\u0131r.<br \/>\nDeputat qeyd edib ki, jeton sistemi beyn\u0259lxalq praktikada geni\u015f yay\u0131l\u0131b v\u0259 m\u00fcxt\u0259lif \u00f6lk\u0259l\u0259rd\u0259 f\u0259rqli formalarda t\u0259tbiq olunur. B\u0259zi \u00f6lk\u0259l\u0259rd\u0259 bu sistem yaln\u0131z x\u00fcsusi t\u0259yinatl\u0131 q\u00fcvv\u0259l\u0259r\u0259 \u015famil edils\u0259 d\u0259, dig\u0259rl\u0259rind\u0259 b\u00fct\u00fcn h\u0259rbi qulluq\u00e7ular\u0131 \u0259hat\u0259 edir.<br \/>\nSiyavu\u015f Novruzov vur\u011fulay\u0131b ki, jetonlar t\u0259kc\u0259 identifikasiya vasit\u0259si deyil, eyni zamanda f\u00f6vq\u0259lad\u0259 hallarda h\u0259yati \u0259h\u0259miyy\u0259t da\u015f\u0131yan m\u0259lumatlar\u0131 \u00f6z\u00fcnd\u0259 \u0259ks etdirir. Bu m\u0259lumatlara \u015f\u0259xsin qan qrupu, allergiyalar\u0131 v\u0259 dig\u0259r tibbi g\u00f6st\u0259ricil\u0259r daxildir ki, bu da operativ tibbi yard\u0131m\u0131n g\u00f6st\u0259rilm\u0259sini asanla\u015fd\u0131r\u0131r.<br \/>\nDeputat \u0259lav\u0259 edib ki, g\u0259l\u0259c\u0259kd\u0259 bu sistemin yaln\u0131z h\u0259rb\u00e7il\u0259rl\u0259 m\u0259hdudla\u015fmamas\u0131 da m\u0259qs\u0259d\u0259uy\u011fundur. Onun fikrinc\u0259, yan\u011f\u0131ns\u00f6nd\u00fcr\u0259nl\u0259r v\u0259 mina axtaranlar kimi riskli sah\u0259l\u0259rd\u0259 \u00e7al\u0131\u015fan \u015f\u0259xsl\u0259r \u00fc\u00e7\u00fcn d\u0259 jeton sisteminin t\u0259tbiqi faydal\u0131 ola bil\u0259r.<br \/>\n\u00c7\u0131x\u0131\u015f zaman\u0131 m\u0259kt\u0259bl\u0259rd\u0259 h\u0259rbi v\u0259 fiziki haz\u0131rl\u0131q m\u0259s\u0259l\u0259sin\u0259 d\u0259 toxunan deputat bu sah\u0259d\u0259 m\u00f6vcud v\u0259ziyy\u0259tin q\u0259na\u0259tb\u0259x\u015f olmad\u0131\u011f\u0131n\u0131 bildirib. Onun s\u00f6zl\u0259rin\u0259 g\u00f6r\u0259, \u0259vv\u0259lki d\u00f6vrl\u0259rl\u0259 m\u00fcqayis\u0259d\u0259 praktiki haz\u0131rl\u0131q imkanlar\u0131 azal\u0131b v\u0259 bu da g\u0259ncl\u0259rin orduya haz\u0131rl\u0131q s\u0259viyy\u0259sin\u0259 t\u0259sir g\u00f6st\u0259rir.<br \/>\nSiyavu\u015f Novruzov hesab edir ki, g\u0259ncl\u0259rin h\u0259rbi xidm\u0259t\u0259 daha haz\u0131rl\u0131ql\u0131 yollanmas\u0131 \u00fc\u00e7\u00fcn m\u0259kt\u0259bl\u0259rd\u0259 bu istiqam\u0259td\u0259 t\u0259liml\u0259r g\u00fccl\u0259ndirilm\u0259li v\u0259 praktiki m\u0259\u015f\u011f\u0259l\u0259l\u0259r\u0259 daha \u00e7ox yer verilm\u0259lidir.<\/p>\n","protected":false},"excerpt":{"rendered":"<p>Az\u0259rbaycan.media x\u0259b\u0259r verir ki, Milli M\u0259clisd\u0259 m\u00fczakir\u0259 olunan \u201cH\u0259rbi xidm\u0259tke\u00e7m\u0259 haqq\u0131nda\u201d qanun layih\u0259si \u00e7\u0259r\u00e7iv\u0259sind\u0259 jeton sisteminin t\u0259tbiqi v\u0259 geni\u015fl\u0259ndirilm\u0259si m\u0259s\u0259l\u0259si g\u00fcnd\u0259m\u0259 g\u0259lib. Deputat Siyavu\u015f Novruzov parlamentin plenar iclas\u0131nda \u00e7\u0131x\u0131\u015f\u0131 zaman\u0131&hellip; <\/p>\n","protected":false},"author":537,"featured_media":77445,"comment_status":"closed","ping_status":"closed","sticky":false,"template":"","format":"standard","meta":{"footnotes":""},"categories":[75],"tags":[],"class_list":["post-77444","post","type-post","status-publish","format-standard","has-post-thumbnail","hentry","category-xbrlr"],"_links":{"self":[{"href":"https:\/\/azerbaycan.media\/index.php?rest_route=\/wp\/v2\/posts\/77444","targetHints":{"allow":["GET"]}}],"collection":[{"href":"https:\/\/azerbaycan.media\/index.php?rest_route=\/wp\/v2\/posts"}],"about":[{"href":"https:\/\/azerbaycan.media\/index.php?rest_route=\/wp\/v2\/types\/post"}],"author":[{"embeddable":true,"href":"https:\/\/azerbaycan.media\/index.php?rest_route=\/wp\/v2\/users\/537"}],"replies":[{"embeddable":true,"href":"https:\/\/azerbaycan.media\/index.php?rest_route=%2Fwp%2Fv2%2Fcomments&post=77444"}],"version-history":[{"count":2,"href":"https:\/\/azerbaycan.media\/index.php?rest_route=\/wp\/v2\/posts\/77444\/revisions"}],"predecessor-version":[{"id":77447,"href":"https:\/\/azerbaycan.media\/index.php?rest_route=\/wp\/v2\/posts\/77444\/revisions\/77447"}],"wp:featuredmedia":[{"embeddable":true,"href":"https:\/\/azerbaycan.media\/index.php?rest_route=\/wp\/v2\/media\/77445"}],"wp:attachment":[{"href":"https:\/\/azerbaycan.media\/index.php?rest_route=%2Fwp%2Fv2%2Fmedia&parent=77444"}],"wp:term":[{"taxonomy":"category","embeddable":true,"href":"https:\/\/azerbaycan.media\/index.php?rest_route=%2Fwp%2Fv2%2Fcategories&post=77444"},{"taxonomy":"post_tag","embeddable":true,"href":"https:\/\/azerbaycan.media\/index.php?rest_route=%2Fwp%2Fv2%2Ftags&post=77444"}],"curies":[{"name":"wp","href":"https:\/\/api.w.org\/{rel}","templated":true}]}}