{"id":77438,"date":"2026-05-01T13:38:51","date_gmt":"2026-05-01T09:38:51","guid":{"rendered":"https:\/\/azerbaycan.media\/?p=77438"},"modified":"2026-05-01T13:38:51","modified_gmt":"2026-05-01T09:38:51","slug":"iranda-siyasi-g%c9%99rginlik-xin-r%c9%99hb%c9%99rinin-istefasi-gund%c9%99md%c9%99","status":"publish","type":"post","link":"https:\/\/azerbaycan.media\/?p=77438","title":{"rendered":"\u0130randa siyasi g\u0259rginlik: X\u0130N r\u0259hb\u0259rinin istefas\u0131 g\u00fcnd\u0259md\u0259"},"content":{"rendered":"<p><strong>Az\u0259rbaycan.media<\/strong> x\u0259b\u0259r verir ki, \u0130ran Prezidenti M\u0259sud Peze\u015fkian v\u0259 parlamentin s\u0259dri M\u0259h\u0259mm\u0259d Baqir Qalibaf xarici i\u015fl\u0259r naziri Abbas \u018fraq\u00e7inin AB\u015e il\u0259 dialoq prosesind\u0259ki f\u0259aliyy\u0259tind\u0259n naraz\u0131d\u0131r v\u0259 onun v\u0259zif\u0259d\u0259n uzaqla\u015fd\u0131r\u0131lmas\u0131n\u0131 n\u0259z\u0259rd\u0259n ke\u00e7irirl\u0259r.<br \/>\nM\u0259lumata g\u00f6r\u0259, bu bar\u0259d\u0259 \u201cIran International\u201d etibarl\u0131 m\u0259nb\u0259l\u0259r\u0259 istinadla x\u0259b\u0259r yay\u0131b. Bildirilir ki, son iki h\u0259ft\u0259 \u0259rzind\u0259 Abbas \u018fraq\u00e7i h\u00f6kum\u0259tin r\u0259smi n\u00fcmay\u0259nd\u0259si kimi deyil, daha \u00e7ox \u0130nqilab Ke\u015fik\u00e7il\u0259ri Korpusunun (SEPAH) komandan\u0131 \u018fhm\u0259d Vahidinin yax\u0131n \u00e7evr\u0259sind\u0259 f\u0259aliyy\u0259t g\u00f6st\u0259rir.<br \/>\nM\u0259nb\u0259l\u0259rin s\u00f6zl\u0259rin\u0259 g\u00f6r\u0259, Prezident Peze\u015fkian yax\u0131n \u0259traf\u0131na bildirib ki, xarici i\u015fl\u0259r naziri onu AB\u015e il\u0259 apar\u0131lan dan\u0131\u015f\u0131qlar prosesi bar\u0259d\u0259 yet\u0259rinc\u0259 m\u0259lumatland\u0131rm\u0131r v\u0259 q\u0259rarlar\u0131n koordinasiyas\u0131nda \u015f\u0259ffafl\u0131q yoxdur.<br \/>\nX\u0259b\u0259rd\u0259 qeyd olunur ki, \u0130ran Prezidenti bu v\u0259ziyy\u0259td\u0259n ciddi naraz\u0131d\u0131r v\u0259 bel\u0259 davam ed\u0259c\u0259yi t\u0259qdird\u0259, \u018fraq\u00e7inin v\u0259zif\u0259sind\u0259n azad olunaca\u011f\u0131n\u0131 istisna etmir.<\/p>\n","protected":false},"excerpt":{"rendered":"<p>Az\u0259rbaycan.media x\u0259b\u0259r verir ki, \u0130ran Prezidenti M\u0259sud Peze\u015fkian v\u0259 parlamentin s\u0259dri M\u0259h\u0259mm\u0259d Baqir Qalibaf xarici i\u015fl\u0259r naziri Abbas \u018fraq\u00e7inin AB\u015e il\u0259 dialoq prosesind\u0259ki f\u0259aliyy\u0259tind\u0259n naraz\u0131d\u0131r v\u0259 onun v\u0259zif\u0259d\u0259n uzaqla\u015fd\u0131r\u0131lmas\u0131n\u0131 n\u0259z\u0259rd\u0259n&hellip; <\/p>\n","protected":false},"author":537,"featured_media":77440,"comment_status":"closed","ping_status":"closed","sticky":false,"template":"","format":"standard","meta":{"footnotes":""},"categories":[55,1],"tags":[],"class_list":["post-77438","post","type-post","status-publish","format-standard","has-post-thumbnail","hentry","category-dunya","category-manset"],"_links":{"self":[{"href":"https:\/\/azerbaycan.media\/index.php?rest_route=\/wp\/v2\/posts\/77438","targetHints":{"allow":["GET"]}}],"collection":[{"href":"https:\/\/azerbaycan.media\/index.php?rest_route=\/wp\/v2\/posts"}],"about":[{"href":"https:\/\/azerbaycan.media\/index.php?rest_route=\/wp\/v2\/types\/post"}],"author":[{"embeddable":true,"href":"https:\/\/azerbaycan.media\/index.php?rest_route=\/wp\/v2\/users\/537"}],"replies":[{"embeddable":true,"href":"https:\/\/azerbaycan.media\/index.php?rest_route=%2Fwp%2Fv2%2Fcomments&post=77438"}],"version-history":[{"count":2,"href":"https:\/\/azerbaycan.media\/index.php?rest_route=\/wp\/v2\/posts\/77438\/revisions"}],"predecessor-version":[{"id":77442,"href":"https:\/\/azerbaycan.media\/index.php?rest_route=\/wp\/v2\/posts\/77438\/revisions\/77442"}],"wp:featuredmedia":[{"embeddable":true,"href":"https:\/\/azerbaycan.media\/index.php?rest_route=\/wp\/v2\/media\/77440"}],"wp:attachment":[{"href":"https:\/\/azerbaycan.media\/index.php?rest_route=%2Fwp%2Fv2%2Fmedia&parent=77438"}],"wp:term":[{"taxonomy":"category","embeddable":true,"href":"https:\/\/azerbaycan.media\/index.php?rest_route=%2Fwp%2Fv2%2Fcategories&post=77438"},{"taxonomy":"post_tag","embeddable":true,"href":"https:\/\/azerbaycan.media\/index.php?rest_route=%2Fwp%2Fv2%2Ftags&post=77438"}],"curies":[{"name":"wp","href":"https:\/\/api.w.org\/{rel}","templated":true}]}}