{"id":77426,"date":"2026-05-01T11:59:55","date_gmt":"2026-05-01T07:59:55","guid":{"rendered":"https:\/\/azerbaycan.media\/?p=77426"},"modified":"2026-05-01T11:59:55","modified_gmt":"2026-05-01T07:59:55","slug":"bas-nazir-eli-es%c9%99dov-g%c9%99ncl%c9%99r-evi-il%c9%99-bagli-yeni-q%c9%99rar-verdi","status":"publish","type":"post","link":"https:\/\/azerbaycan.media\/?p=77426","title":{"rendered":"Ba\u015f nazir \u018fli \u018fs\u0259dov \u201cG\u0259ncl\u0259r evi\u201d il\u0259 ba\u011fl\u0131 yeni q\u0259rar verdi"},"content":{"rendered":"<p><strong>Az\u0259rbaycan.media<\/strong> x\u0259b\u0259r verir ki, \u018fli \u018fs\u0259dov \u201cG\u0259ncl\u0259r evi\u201d sosial xidm\u0259t m\u00fc\u0259ssis\u0259l\u0259ri \u015f\u0259b\u0259k\u0259sinin yarad\u0131lmas\u0131 Qaydalar\u0131nda d\u0259yi\u015fiklik edilm\u0259si il\u0259 ba\u011fl\u0131 q\u0259rar imzalay\u0131b.<br \/>\nD\u0259yi\u015fikliy\u0259 \u0259sas\u0259n, Nazirl\u0259r Kabineti-nin 2016-c\u0131 il 8 iyun tarixli 218 n\u00f6mr\u0259li q\u0259rar\u0131 il\u0259 t\u0259sdiql\u0259nmi\u015f qaydalara bir s\u0131ra \u0259lav\u0259l\u0259r edilib.<br \/>\nYeni redaksiyaya g\u00f6r\u0259, \u201cG\u0259ncl\u0259r evi\u201d m\u00fc\u0259ssis\u0259l\u0259ri m\u00fc\u0259yy\u0259n olunmu\u015f m\u0259qs\u0259dl\u0259r\u0259 nail olmaq \u00fc\u00e7\u00fcn sahibkarl\u0131q f\u0259aliyy\u0259ti il\u0259 m\u0259\u015f\u011ful ola bil\u0259c\u0259kl\u0259r. Bununla yana\u015f\u0131, onlar sahibkarl\u0131q f\u0259aliyy\u0259tini h\u0259yata ke\u00e7irm\u0259k m\u0259qs\u0259dil\u0259 t\u0259s\u0259rr\u00fcfat c\u0259miyy\u0259tl\u0259ri yarada v\u0259 ya bu c\u0259miyy\u0259tl\u0259rd\u0259 i\u015ftirak ed\u0259 bil\u0259c\u0259kl\u0259r.<br \/>\nQaydalara edil\u0259n dig\u0259r d\u0259yi\u015fiklikl\u0259r\u0259 \u0259sas\u0259n, \u201cG\u0259ncl\u0259r evi\u201dnin maliyy\u0259 m\u0259nb\u0259l\u0259rin\u0259 art\u0131q sahibkarl\u0131q f\u0259aliyy\u0259tind\u0259n \u0259ld\u0259 olunan g\u0259lirl\u0259r d\u0259 daxil edil\u0259c\u0259k.<br \/>\nEyni zamanda, 2.6-c\u0131 b\u0259nd\u0259 edil\u0259n \u0259lav\u0259y\u0259 g\u00f6r\u0259, m\u00fc\u0259ssis\u0259l\u0259rin f\u0259aliyy\u0259tinin qiym\u0259tl\u0259ndirilm\u0259si zaman\u0131 sahibkarl\u0131q f\u0259aliyy\u0259tind\u0259n \u0259ld\u0259 olunan g\u0259lirl\u0259r d\u0259 n\u0259z\u0259r\u0259 al\u0131nacaq.<\/p>\n","protected":false},"excerpt":{"rendered":"<p>Az\u0259rbaycan.media x\u0259b\u0259r verir ki, \u018fli \u018fs\u0259dov \u201cG\u0259ncl\u0259r evi\u201d sosial xidm\u0259t m\u00fc\u0259ssis\u0259l\u0259ri \u015f\u0259b\u0259k\u0259sinin yarad\u0131lmas\u0131 Qaydalar\u0131nda d\u0259yi\u015fiklik edilm\u0259si il\u0259 ba\u011fl\u0131 q\u0259rar imzalay\u0131b. D\u0259yi\u015fikliy\u0259 \u0259sas\u0259n, Nazirl\u0259r Kabineti-nin 2016-c\u0131 il 8 iyun tarixli 218&hellip; <\/p>\n","protected":false},"author":537,"featured_media":77427,"comment_status":"closed","ping_status":"closed","sticky":false,"template":"","format":"standard","meta":{"footnotes":""},"categories":[50,1],"tags":[],"class_list":["post-77426","post","type-post","status-publish","format-standard","has-post-thumbnail","hentry","category-gundm","category-manset"],"_links":{"self":[{"href":"https:\/\/azerbaycan.media\/index.php?rest_route=\/wp\/v2\/posts\/77426","targetHints":{"allow":["GET"]}}],"collection":[{"href":"https:\/\/azerbaycan.media\/index.php?rest_route=\/wp\/v2\/posts"}],"about":[{"href":"https:\/\/azerbaycan.media\/index.php?rest_route=\/wp\/v2\/types\/post"}],"author":[{"embeddable":true,"href":"https:\/\/azerbaycan.media\/index.php?rest_route=\/wp\/v2\/users\/537"}],"replies":[{"embeddable":true,"href":"https:\/\/azerbaycan.media\/index.php?rest_route=%2Fwp%2Fv2%2Fcomments&post=77426"}],"version-history":[{"count":2,"href":"https:\/\/azerbaycan.media\/index.php?rest_route=\/wp\/v2\/posts\/77426\/revisions"}],"predecessor-version":[{"id":77429,"href":"https:\/\/azerbaycan.media\/index.php?rest_route=\/wp\/v2\/posts\/77426\/revisions\/77429"}],"wp:featuredmedia":[{"embeddable":true,"href":"https:\/\/azerbaycan.media\/index.php?rest_route=\/wp\/v2\/media\/77427"}],"wp:attachment":[{"href":"https:\/\/azerbaycan.media\/index.php?rest_route=%2Fwp%2Fv2%2Fmedia&parent=77426"}],"wp:term":[{"taxonomy":"category","embeddable":true,"href":"https:\/\/azerbaycan.media\/index.php?rest_route=%2Fwp%2Fv2%2Fcategories&post=77426"},{"taxonomy":"post_tag","embeddable":true,"href":"https:\/\/azerbaycan.media\/index.php?rest_route=%2Fwp%2Fv2%2Ftags&post=77426"}],"curies":[{"name":"wp","href":"https:\/\/api.w.org\/{rel}","templated":true}]}}