{"id":77422,"date":"2026-05-01T11:54:38","date_gmt":"2026-05-01T07:54:38","guid":{"rendered":"https:\/\/azerbaycan.media\/?p=77422"},"modified":"2026-05-01T11:54:38","modified_gmt":"2026-05-01T07:54:38","slug":"erdoganin-ir%c9%99vana-s%c9%99f%c9%99ri-gozl%c9%99nilmir-turk-deputat-aciqladi","status":"publish","type":"post","link":"https:\/\/azerbaycan.media\/?p=77422","title":{"rendered":"\u018frdo\u011fan\u0131n \u0130r\u0259vana s\u0259f\u0259ri g\u00f6zl\u0259nilmir \u2013 t\u00fcrk deputat a\u00e7\u0131qlad\u0131"},"content":{"rendered":"<p><strong>Az\u0259rbaycan.media<\/strong> x\u0259b\u0259r verir ki, bu ilin may\u0131n 4-d\u0259 \u0130r\u0259vanda Avropa Siyasi Birliyinin VIII zirv\u0259 toplant\u0131s\u0131 ke\u00e7iril\u0259c\u0259k. T\u0259dbird\u0259 bir s\u0131ra \u00f6lk\u0259l\u0259rin liderl\u0259rinin i\u015ftirak\u0131 n\u0259z\u0259rd\u0259 tutulur.<br \/>\nErm\u0259nistan\u0131n Ba\u015f naziri Nikol Pa\u015finyan zirv\u0259 g\u00f6r\u00fc\u015f\u00fcn\u0259 T\u00fcrkiy\u0259 Prezidenti R\u0259c\u0259b Tayyip \u018frdo\u011fan\u0131 da d\u0259v\u0259t edib. Lakin T\u00fcrkiy\u0259 liderinin bu s\u0259f\u0259ri il\u0259 ba\u011fl\u0131 qeyri-m\u00fc\u0259yy\u0259nlik davam edir.<br \/>\nT\u00fcrkiy\u0259 B\u00f6y\u00fck Mill\u0259t M\u0259clisinin hakim \u018fdal\u0259t v\u0259 \u0130nki\u015faf Partiyas\u0131ndan olan deputat\u0131, T\u00fcrkiy\u0259-Az\u0259rbaycan dostluq qrupunun r\u0259hb\u0259ri \u015eamil Ayr\u0131m bildirib ki, Prezident \u018frdo\u011fan\u0131n \u0130r\u0259vana s\u0259f\u0259ri ba\u015f tutmayacaq.<br \/>\nDeputat qeyd edib ki, t\u0259dbir\u0259 \u00e7ox az vaxt qald\u0131\u011f\u0131n\u0131 n\u0259z\u0259r\u0259 alsaq, T\u00fcrkiy\u0259 Prezidentinin toplant\u0131da i\u015ftirak etm\u0259k \u00fc\u00e7\u00fcn \u0130r\u0259vana s\u0259f\u0259r etm\u0259si m\u00fcmk\u00fcn g\u00f6r\u00fcnm\u00fcr.<\/p>\n","protected":false},"excerpt":{"rendered":"<p>Az\u0259rbaycan.media x\u0259b\u0259r verir ki, bu ilin may\u0131n 4-d\u0259 \u0130r\u0259vanda Avropa Siyasi Birliyinin VIII zirv\u0259 toplant\u0131s\u0131 ke\u00e7iril\u0259c\u0259k. T\u0259dbird\u0259 bir s\u0131ra \u00f6lk\u0259l\u0259rin liderl\u0259rinin i\u015ftirak\u0131 n\u0259z\u0259rd\u0259 tutulur. Erm\u0259nistan\u0131n Ba\u015f naziri Nikol Pa\u015finyan zirv\u0259&hellip; <\/p>\n","protected":false},"author":537,"featured_media":77423,"comment_status":"closed","ping_status":"closed","sticky":false,"template":"","format":"standard","meta":{"footnotes":""},"categories":[1,75],"tags":[],"class_list":["post-77422","post","type-post","status-publish","format-standard","has-post-thumbnail","hentry","category-manset","category-xbrlr"],"_links":{"self":[{"href":"https:\/\/azerbaycan.media\/index.php?rest_route=\/wp\/v2\/posts\/77422","targetHints":{"allow":["GET"]}}],"collection":[{"href":"https:\/\/azerbaycan.media\/index.php?rest_route=\/wp\/v2\/posts"}],"about":[{"href":"https:\/\/azerbaycan.media\/index.php?rest_route=\/wp\/v2\/types\/post"}],"author":[{"embeddable":true,"href":"https:\/\/azerbaycan.media\/index.php?rest_route=\/wp\/v2\/users\/537"}],"replies":[{"embeddable":true,"href":"https:\/\/azerbaycan.media\/index.php?rest_route=%2Fwp%2Fv2%2Fcomments&post=77422"}],"version-history":[{"count":2,"href":"https:\/\/azerbaycan.media\/index.php?rest_route=\/wp\/v2\/posts\/77422\/revisions"}],"predecessor-version":[{"id":77425,"href":"https:\/\/azerbaycan.media\/index.php?rest_route=\/wp\/v2\/posts\/77422\/revisions\/77425"}],"wp:featuredmedia":[{"embeddable":true,"href":"https:\/\/azerbaycan.media\/index.php?rest_route=\/wp\/v2\/media\/77423"}],"wp:attachment":[{"href":"https:\/\/azerbaycan.media\/index.php?rest_route=%2Fwp%2Fv2%2Fmedia&parent=77422"}],"wp:term":[{"taxonomy":"category","embeddable":true,"href":"https:\/\/azerbaycan.media\/index.php?rest_route=%2Fwp%2Fv2%2Fcategories&post=77422"},{"taxonomy":"post_tag","embeddable":true,"href":"https:\/\/azerbaycan.media\/index.php?rest_route=%2Fwp%2Fv2%2Ftags&post=77422"}],"curies":[{"name":"wp","href":"https:\/\/api.w.org\/{rel}","templated":true}]}}