{"id":77418,"date":"2026-05-01T11:10:54","date_gmt":"2026-05-01T07:10:54","guid":{"rendered":"https:\/\/azerbaycan.media\/?p=77418"},"modified":"2026-05-01T11:10:54","modified_gmt":"2026-05-01T07:10:54","slug":"bakida-v%c9%99-bolg%c9%99l%c9%99rd%c9%99-guclu-kul%c9%99k-gozl%c9%99nilir-sari-x%c9%99b%c9%99rdarliq-verildi","status":"publish","type":"post","link":"https:\/\/azerbaycan.media\/?p=77418","title":{"rendered":"Bak\u0131da v\u0259 b\u00f6lg\u0259l\u0259rd\u0259 g\u00fccl\u00fc k\u00fcl\u0259k g\u00f6zl\u0259nilir \u2013 sar\u0131 x\u0259b\u0259rdarl\u0131q verildi"},"content":{"rendered":"<p><strong>Az\u0259rbaycan.media<\/strong> x\u0259b\u0259r verir ki, Milli Hidrometeorologiya Xidm\u0259ti may\u0131n 1-d\u0259 \u00f6lk\u0259 \u0259razisind\u0259 g\u00f6zl\u0259nil\u0259n k\u00fcl\u0259kli hava \u015f\u0259raiti il\u0259 ba\u011fl\u0131 sar\u0131 x\u0259b\u0259rdarl\u0131q elan edib.<br \/>\nM\u0259lumata g\u00f6r\u0259, Bak\u0131da v\u0259 Ab\u015feron yar\u0131madas\u0131nda, el\u0259c\u0259 d\u0259 Quba, Qusar, Xa\u00e7maz, X\u0131z\u0131, \u015eabran v\u0259 Siy\u0259z\u0259n rayonlar\u0131nda c\u0259nub-q\u0259rb k\u00fcl\u0259yinin \u0259s\u0259c\u0259yi g\u00f6zl\u0259nilir. K\u00fcl\u0259yin s\u00fcr\u0259tinin 13.9-20.7 m\/san t\u0259\u015fkil ed\u0259c\u0259yi bildirilir.<\/p>\n","protected":false},"excerpt":{"rendered":"<p>Az\u0259rbaycan.media x\u0259b\u0259r verir ki, Milli Hidrometeorologiya Xidm\u0259ti may\u0131n 1-d\u0259 \u00f6lk\u0259 \u0259razisind\u0259 g\u00f6zl\u0259nil\u0259n k\u00fcl\u0259kli hava \u015f\u0259raiti il\u0259 ba\u011fl\u0131 sar\u0131 x\u0259b\u0259rdarl\u0131q elan edib. M\u0259lumata g\u00f6r\u0259, Bak\u0131da v\u0259 Ab\u015feron yar\u0131madas\u0131nda, el\u0259c\u0259 d\u0259 Quba,&hellip; <\/p>\n","protected":false},"author":537,"featured_media":77419,"comment_status":"closed","ping_status":"closed","sticky":false,"template":"","format":"standard","meta":{"footnotes":""},"categories":[75],"tags":[],"class_list":["post-77418","post","type-post","status-publish","format-standard","has-post-thumbnail","hentry","category-xbrlr"],"_links":{"self":[{"href":"https:\/\/azerbaycan.media\/index.php?rest_route=\/wp\/v2\/posts\/77418","targetHints":{"allow":["GET"]}}],"collection":[{"href":"https:\/\/azerbaycan.media\/index.php?rest_route=\/wp\/v2\/posts"}],"about":[{"href":"https:\/\/azerbaycan.media\/index.php?rest_route=\/wp\/v2\/types\/post"}],"author":[{"embeddable":true,"href":"https:\/\/azerbaycan.media\/index.php?rest_route=\/wp\/v2\/users\/537"}],"replies":[{"embeddable":true,"href":"https:\/\/azerbaycan.media\/index.php?rest_route=%2Fwp%2Fv2%2Fcomments&post=77418"}],"version-history":[{"count":2,"href":"https:\/\/azerbaycan.media\/index.php?rest_route=\/wp\/v2\/posts\/77418\/revisions"}],"predecessor-version":[{"id":77421,"href":"https:\/\/azerbaycan.media\/index.php?rest_route=\/wp\/v2\/posts\/77418\/revisions\/77421"}],"wp:featuredmedia":[{"embeddable":true,"href":"https:\/\/azerbaycan.media\/index.php?rest_route=\/wp\/v2\/media\/77419"}],"wp:attachment":[{"href":"https:\/\/azerbaycan.media\/index.php?rest_route=%2Fwp%2Fv2%2Fmedia&parent=77418"}],"wp:term":[{"taxonomy":"category","embeddable":true,"href":"https:\/\/azerbaycan.media\/index.php?rest_route=%2Fwp%2Fv2%2Fcategories&post=77418"},{"taxonomy":"post_tag","embeddable":true,"href":"https:\/\/azerbaycan.media\/index.php?rest_route=%2Fwp%2Fv2%2Ftags&post=77418"}],"curies":[{"name":"wp","href":"https:\/\/api.w.org\/{rel}","templated":true}]}}