{"id":77400,"date":"2026-05-01T10:03:39","date_gmt":"2026-05-01T06:03:39","guid":{"rendered":"https:\/\/azerbaycan.media\/?p=77400"},"modified":"2026-05-01T10:03:39","modified_gmt":"2026-05-01T06:03:39","slug":"n%c9%99zak%c9%99t-teymurovanin-arxiv-fotosu-yayilib","status":"publish","type":"post","link":"https:\/\/azerbaycan.media\/?p=77400","title":{"rendered":"N\u0259zak\u0259t Teymurovan\u0131n arxiv fotosu yay\u0131l\u0131b"},"content":{"rendered":"<p><strong>Az\u0259rbaycan.media<\/strong> x\u0259b\u0259r verir ki, Xalq artisti N\u0259zak\u0259t Teymurovan\u0131n arxiv fotosu sosial \u015f\u0259b\u0259k\u0259l\u0259rd\u0259 yay\u0131l\u0131b.<br \/>\nPayla\u015f\u0131lan g\u00f6r\u00fcnt\u00fc s\u0259n\u0259t\u00e7inin yarad\u0131c\u0131l\u0131\u011f\u0131n\u0131n erk\u0259n d\u00f6vrl\u0259rin\u0259 aid olub v\u0259 izl\u0259yicil\u0259r t\u0259r\u0259find\u0259n b\u00f6y\u00fck maraqla qar\u015f\u0131lan\u0131b. Fotoda onun s\u0259hn\u0259 f\u0259aliyy\u0259tinin ilk ill\u0259rin\u0259 xas obraz\u0131 \u0259ks olunub.<br \/>\nQeyd ed\u0259k ki, N\u0259zak\u0259t Teymurova Az\u0259rbaycan mu\u011fam s\u0259n\u0259tinin tan\u0131nm\u0131\u015f n\u00fcmay\u0259nd\u0259l\u0259rind\u0259n biri kimi uzun ill\u0259rdir dinl\u0259yicil\u0259rin r\u0259\u011fb\u0259tini qazan\u0131b.<\/p>\n","protected":false},"excerpt":{"rendered":"<p>Az\u0259rbaycan.media x\u0259b\u0259r verir ki, Xalq artisti N\u0259zak\u0259t Teymurovan\u0131n arxiv fotosu sosial \u015f\u0259b\u0259k\u0259l\u0259rd\u0259 yay\u0131l\u0131b. Payla\u015f\u0131lan g\u00f6r\u00fcnt\u00fc s\u0259n\u0259t\u00e7inin yarad\u0131c\u0131l\u0131\u011f\u0131n\u0131n erk\u0259n d\u00f6vrl\u0259rin\u0259 aid olub v\u0259 izl\u0259yicil\u0259r t\u0259r\u0259find\u0259n b\u00f6y\u00fck maraqla qar\u015f\u0131lan\u0131b. Fotoda onun s\u0259hn\u0259&hellip; <\/p>\n","protected":false},"author":537,"featured_media":77401,"comment_status":"closed","ping_status":"closed","sticky":false,"template":"","format":"standard","meta":{"footnotes":""},"categories":[57],"tags":[],"class_list":["post-77400","post","type-post","status-publish","format-standard","has-post-thumbnail","hentry","category-mdniyyt"],"_links":{"self":[{"href":"https:\/\/azerbaycan.media\/index.php?rest_route=\/wp\/v2\/posts\/77400","targetHints":{"allow":["GET"]}}],"collection":[{"href":"https:\/\/azerbaycan.media\/index.php?rest_route=\/wp\/v2\/posts"}],"about":[{"href":"https:\/\/azerbaycan.media\/index.php?rest_route=\/wp\/v2\/types\/post"}],"author":[{"embeddable":true,"href":"https:\/\/azerbaycan.media\/index.php?rest_route=\/wp\/v2\/users\/537"}],"replies":[{"embeddable":true,"href":"https:\/\/azerbaycan.media\/index.php?rest_route=%2Fwp%2Fv2%2Fcomments&post=77400"}],"version-history":[{"count":1,"href":"https:\/\/azerbaycan.media\/index.php?rest_route=\/wp\/v2\/posts\/77400\/revisions"}],"predecessor-version":[{"id":77402,"href":"https:\/\/azerbaycan.media\/index.php?rest_route=\/wp\/v2\/posts\/77400\/revisions\/77402"}],"wp:featuredmedia":[{"embeddable":true,"href":"https:\/\/azerbaycan.media\/index.php?rest_route=\/wp\/v2\/media\/77401"}],"wp:attachment":[{"href":"https:\/\/azerbaycan.media\/index.php?rest_route=%2Fwp%2Fv2%2Fmedia&parent=77400"}],"wp:term":[{"taxonomy":"category","embeddable":true,"href":"https:\/\/azerbaycan.media\/index.php?rest_route=%2Fwp%2Fv2%2Fcategories&post=77400"},{"taxonomy":"post_tag","embeddable":true,"href":"https:\/\/azerbaycan.media\/index.php?rest_route=%2Fwp%2Fv2%2Ftags&post=77400"}],"curies":[{"name":"wp","href":"https:\/\/api.w.org\/{rel}","templated":true}]}}