{"id":77391,"date":"2026-04-30T19:15:07","date_gmt":"2026-04-30T15:15:07","guid":{"rendered":"https:\/\/azerbaycan.media\/?p=77391"},"modified":"2026-04-30T19:15:07","modified_gmt":"2026-04-30T15:15:07","slug":"neftci-qarabag-derbisinin-start-hey%c9%99tl%c9%99ri-aciqlanib","status":"publish","type":"post","link":"https:\/\/azerbaycan.media\/?p=77391","title":{"rendered":"\u201cNeft\u00e7i\u201d \u2013 \u201cQaraba\u011f\u201d derbisinin start hey\u0259tl\u0259ri a\u00e7\u0131qlan\u0131b"},"content":{"rendered":"<p><strong>Az\u0259rbaycan.media<\/strong> x\u0259b\u0259r verir ki, Az\u0259rbaycan Premyer Liqas\u0131n\u0131n t\u0259xir\u0259 sal\u0131nm\u0131\u015f 21-ci tur mat\u00e7\u0131nda bu g\u00fcn Neft\u00e7i v\u0259 Qaraba\u011f FK komandalar\u0131 qar\u015f\u0131la\u015facaq.<br \/>\nOyun Bak\u0131dak\u0131 \u201cPalms Sports Arena\u201dda saat 20:00-da ba\u015flayacaq.<br \/>\nKomandalar meydana a\u015fa\u011f\u0131dak\u0131 hey\u0259tl\u0259 \u00e7\u0131xacaqlar:<br \/>\n\u201cNeft\u00e7i\u201d: Emil Balayev, Emin Mahmudov (k), Elvin B\u0259d\u0259lov, Emil S\u0259f\u0259rov, Falaye Sako, Sessi Dalmeyda, \u0130qor Ribeyro, Breno Almeyda, \u0130mad Faraj, Freddi Varqas, Luis Ortis.<br \/>\nBa\u015f m\u0259\u015fq\u00e7i: Yuri Vernidub.<br \/>\n\u201cQaraba\u011f\u201d: Mateus Koxalski, B\u0259davi H\u00fcseynov (k), Toral Bayramov, Abdullah Zubir, Kevin Medina, Marko Yankovi\u00e7, Kadi Borqes, Mateus Silva, Joni Montiel, Leandro Andrade, Kamilo Duran.<br \/>\nBa\u015f m\u0259\u015fq\u00e7i: Qurban Qurbanov.<br \/>\nQeyd ed\u0259k ki, bu qar\u015f\u0131la\u015fma Az\u0259rbaycan derbisi kimi b\u00f6y\u00fck maraqla g\u00f6zl\u0259nilir.<\/p>\n","protected":false},"excerpt":{"rendered":"<p>Az\u0259rbaycan.media x\u0259b\u0259r verir ki, Az\u0259rbaycan Premyer Liqas\u0131n\u0131n t\u0259xir\u0259 sal\u0131nm\u0131\u015f 21-ci tur mat\u00e7\u0131nda bu g\u00fcn Neft\u00e7i v\u0259 Qaraba\u011f FK komandalar\u0131 qar\u015f\u0131la\u015facaq. Oyun Bak\u0131dak\u0131 \u201cPalms Sports Arena\u201dda saat 20:00-da ba\u015flayacaq. Komandalar meydana&hellip; <\/p>\n","protected":false},"author":537,"featured_media":77393,"comment_status":"closed","ping_status":"closed","sticky":false,"template":"","format":"standard","meta":{"footnotes":""},"categories":[60],"tags":[],"class_list":["post-77391","post","type-post","status-publish","format-standard","has-post-thumbnail","hentry","category-idman"],"_links":{"self":[{"href":"https:\/\/azerbaycan.media\/index.php?rest_route=\/wp\/v2\/posts\/77391","targetHints":{"allow":["GET"]}}],"collection":[{"href":"https:\/\/azerbaycan.media\/index.php?rest_route=\/wp\/v2\/posts"}],"about":[{"href":"https:\/\/azerbaycan.media\/index.php?rest_route=\/wp\/v2\/types\/post"}],"author":[{"embeddable":true,"href":"https:\/\/azerbaycan.media\/index.php?rest_route=\/wp\/v2\/users\/537"}],"replies":[{"embeddable":true,"href":"https:\/\/azerbaycan.media\/index.php?rest_route=%2Fwp%2Fv2%2Fcomments&post=77391"}],"version-history":[{"count":2,"href":"https:\/\/azerbaycan.media\/index.php?rest_route=\/wp\/v2\/posts\/77391\/revisions"}],"predecessor-version":[{"id":77395,"href":"https:\/\/azerbaycan.media\/index.php?rest_route=\/wp\/v2\/posts\/77391\/revisions\/77395"}],"wp:featuredmedia":[{"embeddable":true,"href":"https:\/\/azerbaycan.media\/index.php?rest_route=\/wp\/v2\/media\/77393"}],"wp:attachment":[{"href":"https:\/\/azerbaycan.media\/index.php?rest_route=%2Fwp%2Fv2%2Fmedia&parent=77391"}],"wp:term":[{"taxonomy":"category","embeddable":true,"href":"https:\/\/azerbaycan.media\/index.php?rest_route=%2Fwp%2Fv2%2Fcategories&post=77391"},{"taxonomy":"post_tag","embeddable":true,"href":"https:\/\/azerbaycan.media\/index.php?rest_route=%2Fwp%2Fv2%2Ftags&post=77391"}],"curies":[{"name":"wp","href":"https:\/\/api.w.org\/{rel}","templated":true}]}}