{"id":77383,"date":"2026-04-30T19:10:02","date_gmt":"2026-04-30T15:10:02","guid":{"rendered":"https:\/\/azerbaycan.media\/?p=77383"},"modified":"2026-04-30T19:10:02","modified_gmt":"2026-04-30T15:10:02","slug":"qazaxin-das-salahli-k%c9%99ndind%c9%99-qaz-t%c9%99chizati-muv%c9%99qq%c9%99ti-dayandirilacaq","status":"publish","type":"post","link":"https:\/\/azerbaycan.media\/?p=77383","title":{"rendered":"Qazax\u0131n Da\u015f Salahl\u0131 k\u0259ndind\u0259 qaz t\u0259chizat\u0131 m\u00fcv\u0259qq\u0259ti dayand\u0131r\u0131lacaq"},"content":{"rendered":"<p><strong>Az\u0259rbaycan.media<\/strong> x\u0259b\u0259r verir ki, Qazax rayonunun Da\u015f Salahl\u0131 k\u0259ndind\u0259 sabah saat 10:00-dan etibar\u0259n qaz t\u0259chizat\u0131nda m\u00fcv\u0259qq\u0259ti fasil\u0259 yaranacaq.<br \/>\nM\u0259lumata g\u00f6r\u0259, bu bar\u0259d\u0259 \u015e\u0259mkir Regional Qaz \u0130stismar \u0130dar\u0259si a\u00e7\u0131qlama yay\u0131b. Bildirilib ki, qaz\u0131n verili\u015finin dayand\u0131r\u0131lmas\u0131 a\u015fkar olunmu\u015f s\u0131zmalar\u0131n aradan qald\u0131r\u0131lmas\u0131 il\u0259 ba\u011fl\u0131d\u0131r.<br \/>\nQeyd olunub ki, t\u0259mir i\u015fl\u0259ri ba\u015fa \u00e7atd\u0131qdan sonra qaz t\u0259chizat\u0131 b\u0259rpa edil\u0259c\u0259k.<br \/>\nXat\u0131rladaq ki, Da\u015f Salahl\u0131 k\u0259ndind\u0259 10 mind\u0259n \u00e7ox sakin ya\u015fay\u0131r.<\/p>\n","protected":false},"excerpt":{"rendered":"<p>Az\u0259rbaycan.media x\u0259b\u0259r verir ki, Qazax rayonunun Da\u015f Salahl\u0131 k\u0259ndind\u0259 sabah saat 10:00-dan etibar\u0259n qaz t\u0259chizat\u0131nda m\u00fcv\u0259qq\u0259ti fasil\u0259 yaranacaq. M\u0259lumata g\u00f6r\u0259, bu bar\u0259d\u0259 \u015e\u0259mkir Regional Qaz \u0130stismar \u0130dar\u0259si a\u00e7\u0131qlama yay\u0131b. Bildirilib&hellip; <\/p>\n","protected":false},"author":537,"featured_media":77384,"comment_status":"closed","ping_status":"closed","sticky":false,"template":"","format":"standard","meta":{"footnotes":""},"categories":[71],"tags":[],"class_list":["post-77383","post","type-post","status-publish","format-standard","has-post-thumbnail","hentry","category-sosial"],"_links":{"self":[{"href":"https:\/\/azerbaycan.media\/index.php?rest_route=\/wp\/v2\/posts\/77383","targetHints":{"allow":["GET"]}}],"collection":[{"href":"https:\/\/azerbaycan.media\/index.php?rest_route=\/wp\/v2\/posts"}],"about":[{"href":"https:\/\/azerbaycan.media\/index.php?rest_route=\/wp\/v2\/types\/post"}],"author":[{"embeddable":true,"href":"https:\/\/azerbaycan.media\/index.php?rest_route=\/wp\/v2\/users\/537"}],"replies":[{"embeddable":true,"href":"https:\/\/azerbaycan.media\/index.php?rest_route=%2Fwp%2Fv2%2Fcomments&post=77383"}],"version-history":[{"count":2,"href":"https:\/\/azerbaycan.media\/index.php?rest_route=\/wp\/v2\/posts\/77383\/revisions"}],"predecessor-version":[{"id":77386,"href":"https:\/\/azerbaycan.media\/index.php?rest_route=\/wp\/v2\/posts\/77383\/revisions\/77386"}],"wp:featuredmedia":[{"embeddable":true,"href":"https:\/\/azerbaycan.media\/index.php?rest_route=\/wp\/v2\/media\/77384"}],"wp:attachment":[{"href":"https:\/\/azerbaycan.media\/index.php?rest_route=%2Fwp%2Fv2%2Fmedia&parent=77383"}],"wp:term":[{"taxonomy":"category","embeddable":true,"href":"https:\/\/azerbaycan.media\/index.php?rest_route=%2Fwp%2Fv2%2Fcategories&post=77383"},{"taxonomy":"post_tag","embeddable":true,"href":"https:\/\/azerbaycan.media\/index.php?rest_route=%2Fwp%2Fv2%2Ftags&post=77383"}],"curies":[{"name":"wp","href":"https:\/\/api.w.org\/{rel}","templated":true}]}}