{"id":77379,"date":"2026-04-30T19:05:49","date_gmt":"2026-04-30T15:05:49","guid":{"rendered":"https:\/\/azerbaycan.media\/?p=77379"},"modified":"2026-04-30T19:05:49","modified_gmt":"2026-04-30T15:05:49","slug":"litva-hormuz-bogazi-il%c9%99-bagli-abs-koalisiyasina-qosula-bil%c9%99r","status":"publish","type":"post","link":"https:\/\/azerbaycan.media\/?p=77379","title":{"rendered":"Litva H\u00f6rm\u00fcz bo\u011faz\u0131 il\u0259 ba\u011fl\u0131 AB\u015e koalisiyas\u0131na qo\u015fula bil\u0259r"},"content":{"rendered":"<p><strong>Az\u0259rbaycan.media<\/strong> x\u0259b\u0259r verir ki, Litva Prezidenti Gitanas Naus\u0117da \u00f6lk\u0259sinin AB\u015e-d\u0259n H\u00f6rm\u00fcz bo\u011faz\u0131nda naviqasiya azadl\u0131\u011f\u0131n\u0131n t\u0259min olunmas\u0131 m\u0259qs\u0259dil\u0259 yarad\u0131lacaq \u0259m\u0259liyyata qo\u015fulmaq t\u0259klifi ald\u0131\u011f\u0131n\u0131 bildirib.<br \/>\nM\u0259lumata g\u00f6r\u0259, d\u00f6vl\u0259t ba\u015f\u00e7\u0131s\u0131 bu t\u0259klifi yax\u0131n vaxtlarda D\u00f6vl\u0259t M\u00fcdafi\u0259 \u015euras\u0131na t\u0259qdim ed\u0259c\u0259yini qeyd edib.<br \/>\nPrezident vur\u011fulay\u0131b ki, s\u00f6z\u00fcged\u0259n \u0259m\u0259liyyat s\u00fclh xarakterli olacaq. Onun s\u00f6zl\u0259rin\u0259 g\u00f6r\u0259, bu c\u00fcr t\u0259\u015f\u0259bb\u00fcsl\u0259rd\u0259 i\u015ftirak Litvada Amerika h\u0259rb\u00e7il\u0259rinin davaml\u0131 m\u00f6vcudlu\u011funun t\u0259min olunmas\u0131na da t\u00f6hf\u0259 ver\u0259 bil\u0259r.<\/p>\n","protected":false},"excerpt":{"rendered":"<p>Az\u0259rbaycan.media x\u0259b\u0259r verir ki, Litva Prezidenti Gitanas Naus\u0117da \u00f6lk\u0259sinin AB\u015e-d\u0259n H\u00f6rm\u00fcz bo\u011faz\u0131nda naviqasiya azadl\u0131\u011f\u0131n\u0131n t\u0259min olunmas\u0131 m\u0259qs\u0259dil\u0259 yarad\u0131lacaq \u0259m\u0259liyyata qo\u015fulmaq t\u0259klifi ald\u0131\u011f\u0131n\u0131 bildirib. M\u0259lumata g\u00f6r\u0259, d\u00f6vl\u0259t ba\u015f\u00e7\u0131s\u0131 bu t\u0259klifi yax\u0131n&hellip; <\/p>\n","protected":false},"author":537,"featured_media":77380,"comment_status":"closed","ping_status":"closed","sticky":false,"template":"","format":"standard","meta":{"footnotes":""},"categories":[55],"tags":[],"class_list":["post-77379","post","type-post","status-publish","format-standard","has-post-thumbnail","hentry","category-dunya"],"_links":{"self":[{"href":"https:\/\/azerbaycan.media\/index.php?rest_route=\/wp\/v2\/posts\/77379","targetHints":{"allow":["GET"]}}],"collection":[{"href":"https:\/\/azerbaycan.media\/index.php?rest_route=\/wp\/v2\/posts"}],"about":[{"href":"https:\/\/azerbaycan.media\/index.php?rest_route=\/wp\/v2\/types\/post"}],"author":[{"embeddable":true,"href":"https:\/\/azerbaycan.media\/index.php?rest_route=\/wp\/v2\/users\/537"}],"replies":[{"embeddable":true,"href":"https:\/\/azerbaycan.media\/index.php?rest_route=%2Fwp%2Fv2%2Fcomments&post=77379"}],"version-history":[{"count":2,"href":"https:\/\/azerbaycan.media\/index.php?rest_route=\/wp\/v2\/posts\/77379\/revisions"}],"predecessor-version":[{"id":77382,"href":"https:\/\/azerbaycan.media\/index.php?rest_route=\/wp\/v2\/posts\/77379\/revisions\/77382"}],"wp:featuredmedia":[{"embeddable":true,"href":"https:\/\/azerbaycan.media\/index.php?rest_route=\/wp\/v2\/media\/77380"}],"wp:attachment":[{"href":"https:\/\/azerbaycan.media\/index.php?rest_route=%2Fwp%2Fv2%2Fmedia&parent=77379"}],"wp:term":[{"taxonomy":"category","embeddable":true,"href":"https:\/\/azerbaycan.media\/index.php?rest_route=%2Fwp%2Fv2%2Fcategories&post=77379"},{"taxonomy":"post_tag","embeddable":true,"href":"https:\/\/azerbaycan.media\/index.php?rest_route=%2Fwp%2Fv2%2Ftags&post=77379"}],"curies":[{"name":"wp","href":"https:\/\/api.w.org\/{rel}","templated":true}]}}