{"id":77375,"date":"2026-04-30T18:54:48","date_gmt":"2026-04-30T14:54:48","guid":{"rendered":"https:\/\/azerbaycan.media\/?p=77375"},"modified":"2026-04-30T18:54:48","modified_gmt":"2026-04-30T14:54:48","slug":"bmt-bas-katibi-x%c9%99b%c9%99rdarliq-etdi-hormuz-bogazinda-gecikm%c9%99-milyonlarla-insani-acliqla-uz-uz%c9%99-qoya-bil%c9%99r","status":"publish","type":"post","link":"https:\/\/azerbaycan.media\/?p=77375","title":{"rendered":"BMT ba\u015f katibi x\u0259b\u0259rdarl\u0131q etdi: H\u00f6rm\u00fcz bo\u011faz\u0131nda gecikm\u0259 milyonlarla insan\u0131 acl\u0131qla \u00fcz-\u00fcz\u0259 qoya bil\u0259r"},"content":{"rendered":"<p><strong>Az\u0259rbaycan.media<\/strong> x\u0259b\u0259r verir ki, BMT-nin Ba\u015f katibi Antonio Quterre\u015f H\u00f6rm\u00fcz bo\u011faz\u0131nda naviqasiya azadl\u0131\u011f\u0131n\u0131n m\u0259hdudla\u015fmas\u0131n\u0131n qlobal humanitar f\u0259sadlara s\u0259b\u0259b ola bil\u0259c\u0259yini bildirib.<br \/>\nOnun s\u00f6zl\u0259rin\u0259 g\u00f6r\u0259, \u0259n yax\u015f\u0131 ssenarid\u0259 bel\u0259 \u2013 y\u0259ni naviqasiya azadl\u0131\u011f\u0131n\u0131n d\u0259rhal b\u0259rpa olunmas\u0131 hal\u0131nda \u2013 t\u0259chizat z\u0259ncirl\u0259rinin tam b\u0259rpas\u0131 aylarla vaxt apara bil\u0259r.<br \/>\nAntonio Quterre\u015f qeyd edib ki, \u0259g\u0259r fasil\u0259l\u0259r ilin ortalar\u0131na q\u0259d\u0259r davam ed\u0259rs\u0259, v\u0259ziyy\u0259t daha da a\u011f\u0131rla\u015facaq. Bu halda 32 milyon insan yoxsullu\u011fa d\u00fc\u00e7ar olacaq, g\u00fcbr\u0259 ehtiyatlar\u0131 t\u00fck\u0259n\u0259c\u0259k v\u0259 k\u0259nd t\u0259s\u0259rr\u00fcfat\u0131 m\u0259hsuldarl\u0131\u011f\u0131 ciddi \u015f\u0259kild\u0259 azalacaq.<br \/>\nBMT ba\u015f katibi vur\u011fulay\u0131b ki, bel\u0259 bir ssenarid\u0259 45 milyon insan k\u0259skin acl\u0131q t\u0259hl\u00fck\u0259si il\u0259 \u00fczl\u0259\u015f\u0259 bil\u0259r.<\/p>\n","protected":false},"excerpt":{"rendered":"<p>Az\u0259rbaycan.media x\u0259b\u0259r verir ki, BMT-nin Ba\u015f katibi Antonio Quterre\u015f H\u00f6rm\u00fcz bo\u011faz\u0131nda naviqasiya azadl\u0131\u011f\u0131n\u0131n m\u0259hdudla\u015fmas\u0131n\u0131n qlobal humanitar f\u0259sadlara s\u0259b\u0259b ola bil\u0259c\u0259yini bildirib. Onun s\u00f6zl\u0259rin\u0259 g\u00f6r\u0259, \u0259n yax\u015f\u0131 ssenarid\u0259 bel\u0259 \u2013 y\u0259ni&hellip; <\/p>\n","protected":false},"author":537,"featured_media":77376,"comment_status":"closed","ping_status":"closed","sticky":false,"template":"","format":"standard","meta":{"footnotes":""},"categories":[55],"tags":[],"class_list":["post-77375","post","type-post","status-publish","format-standard","has-post-thumbnail","hentry","category-dunya"],"_links":{"self":[{"href":"https:\/\/azerbaycan.media\/index.php?rest_route=\/wp\/v2\/posts\/77375","targetHints":{"allow":["GET"]}}],"collection":[{"href":"https:\/\/azerbaycan.media\/index.php?rest_route=\/wp\/v2\/posts"}],"about":[{"href":"https:\/\/azerbaycan.media\/index.php?rest_route=\/wp\/v2\/types\/post"}],"author":[{"embeddable":true,"href":"https:\/\/azerbaycan.media\/index.php?rest_route=\/wp\/v2\/users\/537"}],"replies":[{"embeddable":true,"href":"https:\/\/azerbaycan.media\/index.php?rest_route=%2Fwp%2Fv2%2Fcomments&post=77375"}],"version-history":[{"count":2,"href":"https:\/\/azerbaycan.media\/index.php?rest_route=\/wp\/v2\/posts\/77375\/revisions"}],"predecessor-version":[{"id":77378,"href":"https:\/\/azerbaycan.media\/index.php?rest_route=\/wp\/v2\/posts\/77375\/revisions\/77378"}],"wp:featuredmedia":[{"embeddable":true,"href":"https:\/\/azerbaycan.media\/index.php?rest_route=\/wp\/v2\/media\/77376"}],"wp:attachment":[{"href":"https:\/\/azerbaycan.media\/index.php?rest_route=%2Fwp%2Fv2%2Fmedia&parent=77375"}],"wp:term":[{"taxonomy":"category","embeddable":true,"href":"https:\/\/azerbaycan.media\/index.php?rest_route=%2Fwp%2Fv2%2Fcategories&post=77375"},{"taxonomy":"post_tag","embeddable":true,"href":"https:\/\/azerbaycan.media\/index.php?rest_route=%2Fwp%2Fv2%2Ftags&post=77375"}],"curies":[{"name":"wp","href":"https:\/\/api.w.org\/{rel}","templated":true}]}}