{"id":77371,"date":"2026-04-30T18:50:36","date_gmt":"2026-04-30T14:50:36","guid":{"rendered":"https:\/\/azerbaycan.media\/?p=77371"},"modified":"2026-04-30T18:50:36","modified_gmt":"2026-04-30T14:50:36","slug":"ceyhun-bayramov-bem-hakimi-v%c9%99zif%c9%99sin%c9%99-namiz%c9%99dl%c9%99-gorusub","status":"publish","type":"post","link":"https:\/\/azerbaycan.media\/?p=77371","title":{"rendered":"Ceyhun Bayramov B\u018fM hakimi v\u0259zif\u0259sin\u0259 namiz\u0259dl\u0259 g\u00f6r\u00fc\u015f\u00fcb"},"content":{"rendered":"<p><strong>Az\u0259rbaycan.media<\/strong> x\u0259b\u0259r verir ki, Az\u0259rbaycan\u0131n xarici i\u015fl\u0259r naziri Ceyhun Bayramov Koreya Respublikas\u0131n\u0131n Beyn\u0259lxalq \u018fdal\u0259t M\u0259hk\u0259m\u0259sinin hakimi v\u0259zif\u0259sin\u0259 namiz\u0259di Cin-Hyon Paik il\u0259 g\u00f6r\u00fc\u015f ke\u00e7irib.<br \/>\nM\u0259lumata g\u00f6r\u0259, g\u00f6r\u00fc\u015f zaman\u0131 beyn\u0259lxalq t\u0259\u015fkilatlar \u00e7\u0259r\u00e7iv\u0259sind\u0259 \u0259m\u0259kda\u015fl\u0131q, el\u0259c\u0259 d\u0259 qar\u015f\u0131dan g\u0259l\u0259n Beyn\u0259lxalq \u018fdal\u0259t M\u0259hk\u0259m\u0259si hakimi se\u00e7kil\u0259ri il\u0259 ba\u011fl\u0131 m\u0259s\u0259l\u0259l\u0259r \u0259traf\u0131nda fikir m\u00fcbadil\u0259si apar\u0131l\u0131b.<br \/>\nCin-Hyon Paik \u00f6z pe\u015f\u0259kar f\u0259aliyy\u0259ti, beyn\u0259lxalq h\u00fcquq sah\u0259sind\u0259 t\u0259cr\u00fcb\u0259si v\u0259 B\u018fM-d\u0259 prioritet kimi ir\u0259li s\u00fcrm\u0259yi planla\u015fd\u0131rd\u0131\u011f\u0131 istiqam\u0259tl\u0259r bar\u0259d\u0259 \u0259trafl\u0131 m\u0259lumat verib.<br \/>\nNazir Ceyhun Bayramov Az\u0259rbaycan\u0131n beyn\u0259lxalq h\u00fcququn aliliyin\u0259, \u00e7oxt\u0259r\u0259fli \u0259m\u0259kda\u015fl\u0131\u011fa v\u0259 beyn\u0259lxalq m\u0259hk\u0259m\u0259 institutlar\u0131n\u0131n rolunun g\u00fccl\u0259ndirilm\u0259sin\u0259 verdiyi \u00f6n\u0259mi vur\u011fulay\u0131b. Qeyd olunub ki, Az\u0259rbaycan t\u0259r\u0259fi B\u018fM hakimi se\u00e7kil\u0259rin\u0259 h\u0259rt\u0259r\u0259fli yana\u015f\u0131r v\u0259 namiz\u0259dl\u0259rin pe\u015f\u0259kar keyfiyy\u0259tl\u0259rini diqq\u0259tl\u0259 n\u0259z\u0259rd\u0259n ke\u00e7irir.<br \/>\nG\u00f6r\u00fc\u015f zaman\u0131 h\u0259m\u00e7inin regional t\u0259hl\u00fck\u0259sizlik m\u0259s\u0259l\u0259l\u0259ri, o c\u00fcml\u0259d\u0259n C\u0259nubi Qafqazdak\u0131 m\u00f6vcud v\u0259ziyy\u0259t m\u00fczakir\u0259 olunub. Nazir post-m\u00fcnaqi\u015f\u0259 d\u00f6vr\u00fcnd\u0259 b\u00f6lg\u0259d\u0259 davaml\u0131 s\u00fclh v\u0259 sabitliyin t\u0259min edilm\u0259si istiqam\u0259tind\u0259 Az\u0259rbaycan\u0131n atd\u0131\u011f\u0131 add\u0131mlar bar\u0259d\u0259 qar\u015f\u0131 t\u0259r\u0259fi m\u0259lumatland\u0131r\u0131b.<br \/>\nT\u0259r\u0259fl\u0259r qar\u015f\u0131l\u0131ql\u0131 maraq do\u011furan dig\u0259r m\u0259s\u0259l\u0259l\u0259r \u0259traf\u0131nda da fikir m\u00fcbadil\u0259si apar\u0131blar.<\/p>\n","protected":false},"excerpt":{"rendered":"<p>Az\u0259rbaycan.media x\u0259b\u0259r verir ki, Az\u0259rbaycan\u0131n xarici i\u015fl\u0259r naziri Ceyhun Bayramov Koreya Respublikas\u0131n\u0131n Beyn\u0259lxalq \u018fdal\u0259t M\u0259hk\u0259m\u0259sinin hakimi v\u0259zif\u0259sin\u0259 namiz\u0259di Cin-Hyon Paik il\u0259 g\u00f6r\u00fc\u015f ke\u00e7irib. M\u0259lumata g\u00f6r\u0259, g\u00f6r\u00fc\u015f zaman\u0131 beyn\u0259lxalq t\u0259\u015fkilatlar \u00e7\u0259r\u00e7iv\u0259sind\u0259&hellip; <\/p>\n","protected":false},"author":537,"featured_media":77372,"comment_status":"closed","ping_status":"closed","sticky":false,"template":"","format":"standard","meta":{"footnotes":""},"categories":[75],"tags":[],"class_list":["post-77371","post","type-post","status-publish","format-standard","has-post-thumbnail","hentry","category-xbrlr"],"_links":{"self":[{"href":"https:\/\/azerbaycan.media\/index.php?rest_route=\/wp\/v2\/posts\/77371","targetHints":{"allow":["GET"]}}],"collection":[{"href":"https:\/\/azerbaycan.media\/index.php?rest_route=\/wp\/v2\/posts"}],"about":[{"href":"https:\/\/azerbaycan.media\/index.php?rest_route=\/wp\/v2\/types\/post"}],"author":[{"embeddable":true,"href":"https:\/\/azerbaycan.media\/index.php?rest_route=\/wp\/v2\/users\/537"}],"replies":[{"embeddable":true,"href":"https:\/\/azerbaycan.media\/index.php?rest_route=%2Fwp%2Fv2%2Fcomments&post=77371"}],"version-history":[{"count":2,"href":"https:\/\/azerbaycan.media\/index.php?rest_route=\/wp\/v2\/posts\/77371\/revisions"}],"predecessor-version":[{"id":77374,"href":"https:\/\/azerbaycan.media\/index.php?rest_route=\/wp\/v2\/posts\/77371\/revisions\/77374"}],"wp:featuredmedia":[{"embeddable":true,"href":"https:\/\/azerbaycan.media\/index.php?rest_route=\/wp\/v2\/media\/77372"}],"wp:attachment":[{"href":"https:\/\/azerbaycan.media\/index.php?rest_route=%2Fwp%2Fv2%2Fmedia&parent=77371"}],"wp:term":[{"taxonomy":"category","embeddable":true,"href":"https:\/\/azerbaycan.media\/index.php?rest_route=%2Fwp%2Fv2%2Fcategories&post=77371"},{"taxonomy":"post_tag","embeddable":true,"href":"https:\/\/azerbaycan.media\/index.php?rest_route=%2Fwp%2Fv2%2Ftags&post=77371"}],"curies":[{"name":"wp","href":"https:\/\/api.w.org\/{rel}","templated":true}]}}