{"id":77367,"date":"2026-04-30T18:47:32","date_gmt":"2026-04-30T14:47:32","guid":{"rendered":"https:\/\/azerbaycan.media\/?p=77367"},"modified":"2026-04-30T18:47:32","modified_gmt":"2026-04-30T14:47:32","slug":"hikm%c9%99t-haciyev-s%c9%99udiyy%c9%99-er%c9%99bistaninin-s%c9%99firi-il%c9%99-gorus-kecirib","status":"publish","type":"post","link":"https:\/\/azerbaycan.media\/?p=77367","title":{"rendered":"Hikm\u0259t Hac\u0131yev S\u0259udiyy\u0259 \u018fr\u0259bistan\u0131n\u0131n s\u0259firi il\u0259 g\u00f6r\u00fc\u015f ke\u00e7irib"},"content":{"rendered":"<p><strong>Az\u0259rbaycan.media<\/strong> x\u0259b\u0259r verir ki, Prezidentin k\u00f6m\u0259k\u00e7isi, Prezident Administrasiyas\u0131n\u0131n Xarici siyas\u0259t m\u0259s\u0259l\u0259l\u0259ri \u015f\u00f6b\u0259sinin m\u00fcdiri Hikm\u0259t Hac\u0131yev S\u0259udiyy\u0259 \u018fr\u0259bistan\u0131n\u0131n Az\u0259rbaycandak\u0131 s\u0259firi \u0130ssam bin Saleh \u0259l-Cuteyli il\u0259 g\u00f6r\u00fc\u015f\u00fcb.<br \/>\nM\u0259lumata g\u00f6r\u0259, bu bar\u0259d\u0259 S\u0259udiyy\u0259 \u018fr\u0259bistan\u0131n\u0131n Az\u0259rbaycandak\u0131 s\u0259firliyinin \u201cX\u201d sosial \u015f\u0259b\u0259k\u0259 hesab\u0131nda payla\u015f\u0131m edilib.<br \/>\nPayla\u015f\u0131mda bildirilib ki, g\u00f6r\u00fc\u015f zaman\u0131 t\u0259r\u0259fl\u0259r aras\u0131nda qar\u015f\u0131l\u0131ql\u0131 maraq do\u011furan m\u0259s\u0259l\u0259l\u0259r \u0259traf\u0131nda fikir m\u00fcbadil\u0259si apar\u0131l\u0131b.<\/p>\n","protected":false},"excerpt":{"rendered":"<p>Az\u0259rbaycan.media x\u0259b\u0259r verir ki, Prezidentin k\u00f6m\u0259k\u00e7isi, Prezident Administrasiyas\u0131n\u0131n Xarici siyas\u0259t m\u0259s\u0259l\u0259l\u0259ri \u015f\u00f6b\u0259sinin m\u00fcdiri Hikm\u0259t Hac\u0131yev S\u0259udiyy\u0259 \u018fr\u0259bistan\u0131n\u0131n Az\u0259rbaycandak\u0131 s\u0259firi \u0130ssam bin Saleh \u0259l-Cuteyli il\u0259 g\u00f6r\u00fc\u015f\u00fcb. M\u0259lumata g\u00f6r\u0259, bu bar\u0259d\u0259 S\u0259udiyy\u0259&hellip; <\/p>\n","protected":false},"author":537,"featured_media":77368,"comment_status":"closed","ping_status":"closed","sticky":false,"template":"","format":"standard","meta":{"footnotes":""},"categories":[1,75],"tags":[],"class_list":["post-77367","post","type-post","status-publish","format-standard","has-post-thumbnail","hentry","category-manset","category-xbrlr"],"_links":{"self":[{"href":"https:\/\/azerbaycan.media\/index.php?rest_route=\/wp\/v2\/posts\/77367","targetHints":{"allow":["GET"]}}],"collection":[{"href":"https:\/\/azerbaycan.media\/index.php?rest_route=\/wp\/v2\/posts"}],"about":[{"href":"https:\/\/azerbaycan.media\/index.php?rest_route=\/wp\/v2\/types\/post"}],"author":[{"embeddable":true,"href":"https:\/\/azerbaycan.media\/index.php?rest_route=\/wp\/v2\/users\/537"}],"replies":[{"embeddable":true,"href":"https:\/\/azerbaycan.media\/index.php?rest_route=%2Fwp%2Fv2%2Fcomments&post=77367"}],"version-history":[{"count":2,"href":"https:\/\/azerbaycan.media\/index.php?rest_route=\/wp\/v2\/posts\/77367\/revisions"}],"predecessor-version":[{"id":77370,"href":"https:\/\/azerbaycan.media\/index.php?rest_route=\/wp\/v2\/posts\/77367\/revisions\/77370"}],"wp:featuredmedia":[{"embeddable":true,"href":"https:\/\/azerbaycan.media\/index.php?rest_route=\/wp\/v2\/media\/77368"}],"wp:attachment":[{"href":"https:\/\/azerbaycan.media\/index.php?rest_route=%2Fwp%2Fv2%2Fmedia&parent=77367"}],"wp:term":[{"taxonomy":"category","embeddable":true,"href":"https:\/\/azerbaycan.media\/index.php?rest_route=%2Fwp%2Fv2%2Fcategories&post=77367"},{"taxonomy":"post_tag","embeddable":true,"href":"https:\/\/azerbaycan.media\/index.php?rest_route=%2Fwp%2Fv2%2Ftags&post=77367"}],"curies":[{"name":"wp","href":"https:\/\/api.w.org\/{rel}","templated":true}]}}