{"id":77349,"date":"2026-04-30T16:33:36","date_gmt":"2026-04-30T12:33:36","guid":{"rendered":"https:\/\/azerbaycan.media\/?p=77349"},"modified":"2026-04-30T16:33:36","modified_gmt":"2026-04-30T12:33:36","slug":"robert-fitso-ukrayna-muharib%c9%99sinin-yaxin-vaxtda-bit%c9%99c%c9%99yi-real-gorunmur","status":"publish","type":"post","link":"https:\/\/azerbaycan.media\/?p=77349","title":{"rendered":"Robert Fitso: Ukrayna m\u00fcharib\u0259sinin yax\u0131n vaxtda bit\u0259c\u0259yi real g\u00f6r\u00fcnm\u00fcr"},"content":{"rendered":"<p><strong>Az\u0259rbaycan.media<\/strong> x\u0259b\u0259r verir ki, Slovakiyan\u0131n Ba\u015f naziri Robert Fitso Ukraynadak\u0131 m\u00fcnaqi\u015f\u0259nin yax\u0131n perspektivd\u0259 ba\u015fa \u00e7ataca\u011f\u0131 il\u0259 ba\u011fl\u0131 optimist g\u00f6zl\u0259ntil\u0259ri real hesab etm\u0259diyini bildirib.<br \/>\nO, bu fikirl\u0259ri t\u0259l\u0259b\u0259l\u0259rl\u0259 g\u00f6r\u00fc\u015f\u00fc zaman\u0131 s\u0259sl\u0259ndirib. Ba\u015f nazir qeyd edib ki, haz\u0131rk\u0131 \u015f\u0259raitd\u0259 m\u00fcharib\u0259nin bitm\u0259si \u00fc\u00e7\u00fcn real z\u0259min g\u00f6r\u00fcnm\u00fcr, \u00e7\u00fcnki t\u0259r\u0259fl\u0259rin m\u00fcnaqi\u015f\u0259ni davam etdirm\u0259k \u00fc\u00e7\u00fcn kifay\u0259t q\u0259d\u0259r resurslar\u0131 m\u00f6vcuddur.<br \/>\nRobert Fitso, h\u0259m\u00e7inin Avropa \u0130ttifaq\u0131n\u0131n Ukraynaya 90 milyard avro h\u0259cmind\u0259 maliyy\u0259 d\u0259st\u0259yi ay\u0131rmaq plan\u0131na m\u00fcnasib\u0259t bildir\u0259r\u0259k, bu add\u0131m\u0131n m\u00fcharib\u0259nin uzanmas\u0131na t\u0259sir g\u00f6st\u0259r\u0259 bil\u0259c\u0259yini vur\u011fulay\u0131b.<br \/>\nO \u0259lav\u0259 edib ki, m\u00fcnaqi\u015f\u0259nin h\u0259rbi yolla h\u0259lli m\u00fcmk\u00fcn deyil v\u0259 Avropa \u00f6lk\u0259l\u0259ri Rusiya il\u0259 dialoqu davam etdirm\u0259lidir.<br \/>\nBa\u015f nazir may\u0131n 9-da Moskvada Rusiya Prezidenti Vladimir Putinl\u0259 g\u00f6r\u00fc\u015f\u0259r\u0259k at\u0259\u015fk\u0259s m\u0259s\u0259l\u0259sini m\u00fczakir\u0259 etm\u0259yi planla\u015fd\u0131rd\u0131\u011f\u0131n\u0131 da diqq\u0259t\u0259 \u00e7atd\u0131r\u0131b.<\/p>\n","protected":false},"excerpt":{"rendered":"<p>Az\u0259rbaycan.media x\u0259b\u0259r verir ki, Slovakiyan\u0131n Ba\u015f naziri Robert Fitso Ukraynadak\u0131 m\u00fcnaqi\u015f\u0259nin yax\u0131n perspektivd\u0259 ba\u015fa \u00e7ataca\u011f\u0131 il\u0259 ba\u011fl\u0131 optimist g\u00f6zl\u0259ntil\u0259ri real hesab etm\u0259diyini bildirib. O, bu fikirl\u0259ri t\u0259l\u0259b\u0259l\u0259rl\u0259 g\u00f6r\u00fc\u015f\u00fc zaman\u0131 s\u0259sl\u0259ndirib.&hellip; <\/p>\n","protected":false},"author":537,"featured_media":77356,"comment_status":"closed","ping_status":"closed","sticky":false,"template":"","format":"standard","meta":{"footnotes":""},"categories":[55],"tags":[],"class_list":["post-77349","post","type-post","status-publish","format-standard","has-post-thumbnail","hentry","category-dunya"],"_links":{"self":[{"href":"https:\/\/azerbaycan.media\/index.php?rest_route=\/wp\/v2\/posts\/77349","targetHints":{"allow":["GET"]}}],"collection":[{"href":"https:\/\/azerbaycan.media\/index.php?rest_route=\/wp\/v2\/posts"}],"about":[{"href":"https:\/\/azerbaycan.media\/index.php?rest_route=\/wp\/v2\/types\/post"}],"author":[{"embeddable":true,"href":"https:\/\/azerbaycan.media\/index.php?rest_route=\/wp\/v2\/users\/537"}],"replies":[{"embeddable":true,"href":"https:\/\/azerbaycan.media\/index.php?rest_route=%2Fwp%2Fv2%2Fcomments&post=77349"}],"version-history":[{"count":2,"href":"https:\/\/azerbaycan.media\/index.php?rest_route=\/wp\/v2\/posts\/77349\/revisions"}],"predecessor-version":[{"id":77358,"href":"https:\/\/azerbaycan.media\/index.php?rest_route=\/wp\/v2\/posts\/77349\/revisions\/77358"}],"wp:featuredmedia":[{"embeddable":true,"href":"https:\/\/azerbaycan.media\/index.php?rest_route=\/wp\/v2\/media\/77356"}],"wp:attachment":[{"href":"https:\/\/azerbaycan.media\/index.php?rest_route=%2Fwp%2Fv2%2Fmedia&parent=77349"}],"wp:term":[{"taxonomy":"category","embeddable":true,"href":"https:\/\/azerbaycan.media\/index.php?rest_route=%2Fwp%2Fv2%2Fcategories&post=77349"},{"taxonomy":"post_tag","embeddable":true,"href":"https:\/\/azerbaycan.media\/index.php?rest_route=%2Fwp%2Fv2%2Ftags&post=77349"}],"curies":[{"name":"wp","href":"https:\/\/api.w.org\/{rel}","templated":true}]}}