{"id":77341,"date":"2026-04-30T15:42:53","date_gmt":"2026-04-30T11:42:53","guid":{"rendered":"https:\/\/azerbaycan.media\/?p=77341"},"modified":"2026-04-30T15:42:53","modified_gmt":"2026-04-30T11:42:53","slug":"masazirda-faci%c9%99-1-yasli-korp%c9%99-h%c9%99yatini-itirib","status":"publish","type":"post","link":"https:\/\/azerbaycan.media\/?p=77341","title":{"rendered":"Masaz\u0131rda faci\u0259: 1 ya\u015fl\u0131 k\u00f6rp\u0259 h\u0259yat\u0131n\u0131 itirib"},"content":{"rendered":"<p><strong>Az\u0259rbaycan.media<\/strong> x\u0259b\u0259r verir ki, Ab\u015feron rayonunda faci\u0259li hadis\u0259 ba\u015f verib.<br \/>\nHadis\u0259 Masaz\u0131r q\u0259s\u0259b\u0259sind\u0259 qeyd\u0259 al\u0131n\u0131b. Q\u0259s\u0259b\u0259 sakini olan 1 ya\u015fl\u0131 M\u00fcsl\u00fcm Kamal\u0259ddin o\u011flu M\u00fcsl\u00fcml\u00fc ya\u015fad\u0131\u011f\u0131 evd\u0259 b\u0259db\u0259xt hadis\u0259 n\u0259tic\u0259sind\u0259 h\u0259yat\u0131n\u0131 itirib.<br \/>\nM\u0259lumata g\u00f6r\u0259, k\u00f6rp\u0259nin v\u0259ziyy\u0259tinin pisl\u0259\u015fm\u0259sin\u0259 evd\u0259 qida il\u0259 ba\u011fl\u0131 yaranan a\u011f\u0131rla\u015fma s\u0259b\u0259b olub.<br \/>\nHadis\u0259 il\u0259 ba\u011fl\u0131 aidiyy\u0259ti qurumlar t\u0259r\u0259find\u0259n ara\u015fd\u0131rma apar\u0131l\u0131r.<\/p>\n","protected":false},"excerpt":{"rendered":"<p>Az\u0259rbaycan.media x\u0259b\u0259r verir ki, Ab\u015feron rayonunda faci\u0259li hadis\u0259 ba\u015f verib. Hadis\u0259 Masaz\u0131r q\u0259s\u0259b\u0259sind\u0259 qeyd\u0259 al\u0131n\u0131b. Q\u0259s\u0259b\u0259 sakini olan 1 ya\u015fl\u0131 M\u00fcsl\u00fcm Kamal\u0259ddin o\u011flu M\u00fcsl\u00fcml\u00fc ya\u015fad\u0131\u011f\u0131 evd\u0259 b\u0259db\u0259xt hadis\u0259 n\u0259tic\u0259sind\u0259 h\u0259yat\u0131n\u0131&hellip; <\/p>\n","protected":false},"author":537,"featured_media":77342,"comment_status":"closed","ping_status":"closed","sticky":false,"template":"","format":"standard","meta":{"footnotes":""},"categories":[62],"tags":[],"class_list":["post-77341","post","type-post","status-publish","format-standard","has-post-thumbnail","hentry","category-hadis"],"_links":{"self":[{"href":"https:\/\/azerbaycan.media\/index.php?rest_route=\/wp\/v2\/posts\/77341","targetHints":{"allow":["GET"]}}],"collection":[{"href":"https:\/\/azerbaycan.media\/index.php?rest_route=\/wp\/v2\/posts"}],"about":[{"href":"https:\/\/azerbaycan.media\/index.php?rest_route=\/wp\/v2\/types\/post"}],"author":[{"embeddable":true,"href":"https:\/\/azerbaycan.media\/index.php?rest_route=\/wp\/v2\/users\/537"}],"replies":[{"embeddable":true,"href":"https:\/\/azerbaycan.media\/index.php?rest_route=%2Fwp%2Fv2%2Fcomments&post=77341"}],"version-history":[{"count":2,"href":"https:\/\/azerbaycan.media\/index.php?rest_route=\/wp\/v2\/posts\/77341\/revisions"}],"predecessor-version":[{"id":77344,"href":"https:\/\/azerbaycan.media\/index.php?rest_route=\/wp\/v2\/posts\/77341\/revisions\/77344"}],"wp:featuredmedia":[{"embeddable":true,"href":"https:\/\/azerbaycan.media\/index.php?rest_route=\/wp\/v2\/media\/77342"}],"wp:attachment":[{"href":"https:\/\/azerbaycan.media\/index.php?rest_route=%2Fwp%2Fv2%2Fmedia&parent=77341"}],"wp:term":[{"taxonomy":"category","embeddable":true,"href":"https:\/\/azerbaycan.media\/index.php?rest_route=%2Fwp%2Fv2%2Fcategories&post=77341"},{"taxonomy":"post_tag","embeddable":true,"href":"https:\/\/azerbaycan.media\/index.php?rest_route=%2Fwp%2Fv2%2Ftags&post=77341"}],"curies":[{"name":"wp","href":"https:\/\/api.w.org\/{rel}","templated":true}]}}