{"id":77337,"date":"2026-04-30T15:38:13","date_gmt":"2026-04-30T11:38:13","guid":{"rendered":"https:\/\/azerbaycan.media\/?p=77337"},"modified":"2026-04-30T15:38:13","modified_gmt":"2026-04-30T11:38:13","slug":"zelenski-putin-v%c9%99-trampin-at%c9%99sk%c9%99s-t%c9%99klifin%c9%99-reaksiya-verdi-t%c9%99f%c9%99rruatlar-aydinlasdirilmalidir","status":"publish","type":"post","link":"https:\/\/azerbaycan.media\/?p=77337","title":{"rendered":"Zelenski Putin v\u0259 Tramp\u0131n at\u0259\u015fk\u0259s t\u0259klifin\u0259 reaksiya verdi \u2013 \u201ct\u0259f\u0259rr\u00fcatlar ayd\u0131nla\u015fd\u0131r\u0131lmal\u0131d\u0131r\u201d"},"content":{"rendered":"<p><strong>Az\u0259rbaycan.media<\/strong> x\u0259b\u0259r verir ki, Ukrayna Prezidenti Vladimir Zelenski Rusiya Prezidenti Vladimir Putin v\u0259 AB\u015e Prezidenti Donald Tramp aras\u0131nda apar\u0131lan telefon dan\u0131\u015f\u0131\u011f\u0131ndan sonra at\u0259\u015fk\u0259s t\u0259klifi il\u0259 ba\u011fl\u0131 m\u00f6vqeyini a\u00e7\u0131qlay\u0131b.<br \/>\nZelenski \u201cTelegram\u201d kanal\u0131nda yay\u0131mlad\u0131\u011f\u0131 m\u00fcraci\u0259td\u0259 s\u00fclh v\u0259 at\u0259\u015fk\u0259s m\u0259s\u0259l\u0259sin\u0259 toxunaraq bildirib ki, Ukrayna t\u0259r\u0259fi ir\u0259li s\u00fcr\u00fcl\u0259n q\u0131sam\u00fcdd\u0259tli at\u0259\u015fk\u0259s t\u0259klifinin mahiyy\u0259tinin d\u0259qiql\u0259\u015fdirilm\u0259sini ist\u0259yir.<br \/>\nO qeyd edib ki, n\u00fcmay\u0259nd\u0259l\u0259rin\u0259 AB\u015e administrasiyas\u0131 il\u0259 \u0259laq\u0259 saxlayaraq t\u0259klifin detallar\u0131 bar\u0259d\u0259 m\u0259lumat \u0259ld\u0259 etm\u0259yi tap\u015f\u0131r\u0131b.<br \/>\nUkrayna lideri bildirib ki, s\u00f6hb\u0259tin yaln\u0131z 9 May \u2013 Q\u0259l\u0259b\u0259 G\u00fcn\u00fc il\u0259 ba\u011fl\u0131 q\u0131sa m\u00fcdd\u0259tli t\u0259hl\u00fck\u0259sizlik t\u0259dbirind\u0259n, yoxsa daha geni\u015f s\u00fclh format\u0131ndan getdiyi ayd\u0131nla\u015fd\u0131r\u0131lmal\u0131d\u0131r.<br \/>\nXat\u0131rladaq ki, Putin Tramp il\u0259 telefon dan\u0131\u015f\u0131\u011f\u0131nda 9 May m\u00fcnasib\u0259til\u0259 Ukraynada m\u00fcv\u0259qq\u0259ti at\u0259\u015fk\u0259s t\u0259klifi ir\u0259li s\u00fcr\u00fcb v\u0259 bu t\u0259\u015f\u0259bb\u00fcs AB\u015e Prezidenti t\u0259r\u0259find\u0259n d\u0259st\u0259kl\u0259nib.<\/p>\n","protected":false},"excerpt":{"rendered":"<p>Az\u0259rbaycan.media x\u0259b\u0259r verir ki, Ukrayna Prezidenti Vladimir Zelenski Rusiya Prezidenti Vladimir Putin v\u0259 AB\u015e Prezidenti Donald Tramp aras\u0131nda apar\u0131lan telefon dan\u0131\u015f\u0131\u011f\u0131ndan sonra at\u0259\u015fk\u0259s t\u0259klifi il\u0259 ba\u011fl\u0131 m\u00f6vqeyini a\u00e7\u0131qlay\u0131b. Zelenski \u201cTelegram\u201d&hellip; <\/p>\n","protected":false},"author":537,"featured_media":77338,"comment_status":"closed","ping_status":"closed","sticky":false,"template":"","format":"standard","meta":{"footnotes":""},"categories":[1],"tags":[],"class_list":["post-77337","post","type-post","status-publish","format-standard","has-post-thumbnail","hentry","category-manset"],"_links":{"self":[{"href":"https:\/\/azerbaycan.media\/index.php?rest_route=\/wp\/v2\/posts\/77337","targetHints":{"allow":["GET"]}}],"collection":[{"href":"https:\/\/azerbaycan.media\/index.php?rest_route=\/wp\/v2\/posts"}],"about":[{"href":"https:\/\/azerbaycan.media\/index.php?rest_route=\/wp\/v2\/types\/post"}],"author":[{"embeddable":true,"href":"https:\/\/azerbaycan.media\/index.php?rest_route=\/wp\/v2\/users\/537"}],"replies":[{"embeddable":true,"href":"https:\/\/azerbaycan.media\/index.php?rest_route=%2Fwp%2Fv2%2Fcomments&post=77337"}],"version-history":[{"count":2,"href":"https:\/\/azerbaycan.media\/index.php?rest_route=\/wp\/v2\/posts\/77337\/revisions"}],"predecessor-version":[{"id":77340,"href":"https:\/\/azerbaycan.media\/index.php?rest_route=\/wp\/v2\/posts\/77337\/revisions\/77340"}],"wp:featuredmedia":[{"embeddable":true,"href":"https:\/\/azerbaycan.media\/index.php?rest_route=\/wp\/v2\/media\/77338"}],"wp:attachment":[{"href":"https:\/\/azerbaycan.media\/index.php?rest_route=%2Fwp%2Fv2%2Fmedia&parent=77337"}],"wp:term":[{"taxonomy":"category","embeddable":true,"href":"https:\/\/azerbaycan.media\/index.php?rest_route=%2Fwp%2Fv2%2Fcategories&post=77337"},{"taxonomy":"post_tag","embeddable":true,"href":"https:\/\/azerbaycan.media\/index.php?rest_route=%2Fwp%2Fv2%2Ftags&post=77337"}],"curies":[{"name":"wp","href":"https:\/\/api.w.org\/{rel}","templated":true}]}}