{"id":77333,"date":"2026-04-30T15:29:22","date_gmt":"2026-04-30T11:29:22","guid":{"rendered":"https:\/\/azerbaycan.media\/?p=77333"},"modified":"2026-04-30T15:29:53","modified_gmt":"2026-04-30T11:29:53","slug":"emin-emrullayev-m%c9%99kt%c9%99bl%c9%99rd%c9%99-t%c9%99liml%c9%99-yanasi-t%c9%99rbiy%c9%99-m%c9%99s%c9%99l%c9%99l%c9%99ri-d%c9%99-%c9%99sas-prioritet-olmalidir","status":"publish","type":"post","link":"https:\/\/azerbaycan.media\/?p=77333","title":{"rendered":"Emin \u018fmrullayev: M\u0259kt\u0259bl\u0259rd\u0259 t\u0259liml\u0259 yana\u015f\u0131 t\u0259rbiy\u0259 m\u0259s\u0259l\u0259l\u0259ri d\u0259 \u0259sas prioritet olmal\u0131d\u0131r"},"content":{"rendered":"<p><strong>Az\u0259rbaycan.media<\/strong> x\u0259b\u0259r verir ki, elm v\u0259 t\u0259hsil naziri Emin \u018fmrullayev m\u0259kt\u0259bl\u0259rd\u0259 t\u0259lim v\u0259 t\u0259rbiy\u0259 prosesl\u0259rinin paralel \u015f\u0259kild\u0259 apar\u0131lmas\u0131n\u0131n vacibliyini vur\u011fulay\u0131b.<br \/>\nNazir \u201cDayan\u0131ql\u0131 inki\u015faf: ail\u0259, qad\u0131n v\u0259 u\u015faq siyas\u0259ti\u201d m\u00f6vzusunda ke\u00e7iril\u0259n konfransda \u00e7\u0131x\u0131\u015f\u0131 zaman\u0131 bildirib ki, t\u0259hsil sistemind\u0259 t\u0259kc\u0259 akademik n\u0259tic\u0259l\u0259r deyil, eyni zamanda \u015fagirdl\u0259rin t\u0259rbiy\u0259si v\u0259 psixoloji-emosional inki\u015faf\u0131 da diqq\u0259t m\u0259rk\u0259zind\u0259 olmal\u0131d\u0131r.<br \/>\nOnun s\u00f6zl\u0259rin\u0259 g\u00f6r\u0259, d\u0259y\u0259rl\u0259r\u0259 \u0259saslanan t\u0259hsil modeli daha y\u00fcks\u0259k n\u0259tic\u0259l\u0259rin \u0259ld\u0259 edilm\u0259sin\u0259 \u015f\u0259rait yarada bil\u0259r.<br \/>\nEmin \u018fmrullayev qeyd edib ki, t\u0259hsil nailiyy\u0259tl\u0259ri iki \u0259sas istiqam\u0259td\u0259 qiym\u0259tl\u0259ndirilir: birincisi t\u0259lim v\u0259 n\u0259tic\u0259l\u0259rdir ki, bunlar imtahanlarla \u00f6l\u00e7\u00fcl\u0259 bilir, ikincisi is\u0259 t\u0259rbiy\u0259 prosesidir v\u0259 bu sah\u0259ni \u00f6l\u00e7m\u0259k daha \u00e7\u0259tindir.<br \/>\nNazir \u0259lav\u0259 edib ki, m\u00fcasir t\u0259hsil sistemind\u0259 \u015fagirdl\u0259rin yaln\u0131z bilik deyil, h\u0259m d\u0259 sosial v\u0259 emosional inki\u015faf\u0131 prioritet istiqam\u0259tl\u0259rd\u0259n biri olmal\u0131d\u0131r.<\/p>\n","protected":false},"excerpt":{"rendered":"<p>Az\u0259rbaycan.media x\u0259b\u0259r verir ki, elm v\u0259 t\u0259hsil naziri Emin \u018fmrullayev m\u0259kt\u0259bl\u0259rd\u0259 t\u0259lim v\u0259 t\u0259rbiy\u0259 prosesl\u0259rinin paralel \u015f\u0259kild\u0259 apar\u0131lmas\u0131n\u0131n vacibliyini vur\u011fulay\u0131b. Nazir \u201cDayan\u0131ql\u0131 inki\u015faf: ail\u0259, qad\u0131n v\u0259 u\u015faq siyas\u0259ti\u201d m\u00f6vzusunda ke\u00e7iril\u0259n&hellip; <\/p>\n","protected":false},"author":537,"featured_media":77334,"comment_status":"closed","ping_status":"closed","sticky":false,"template":"","format":"standard","meta":{"footnotes":""},"categories":[69],"tags":[],"class_list":["post-77333","post","type-post","status-publish","format-standard","has-post-thumbnail","hentry","category-thsil"],"_links":{"self":[{"href":"https:\/\/azerbaycan.media\/index.php?rest_route=\/wp\/v2\/posts\/77333","targetHints":{"allow":["GET"]}}],"collection":[{"href":"https:\/\/azerbaycan.media\/index.php?rest_route=\/wp\/v2\/posts"}],"about":[{"href":"https:\/\/azerbaycan.media\/index.php?rest_route=\/wp\/v2\/types\/post"}],"author":[{"embeddable":true,"href":"https:\/\/azerbaycan.media\/index.php?rest_route=\/wp\/v2\/users\/537"}],"replies":[{"embeddable":true,"href":"https:\/\/azerbaycan.media\/index.php?rest_route=%2Fwp%2Fv2%2Fcomments&post=77333"}],"version-history":[{"count":2,"href":"https:\/\/azerbaycan.media\/index.php?rest_route=\/wp\/v2\/posts\/77333\/revisions"}],"predecessor-version":[{"id":77336,"href":"https:\/\/azerbaycan.media\/index.php?rest_route=\/wp\/v2\/posts\/77333\/revisions\/77336"}],"wp:featuredmedia":[{"embeddable":true,"href":"https:\/\/azerbaycan.media\/index.php?rest_route=\/wp\/v2\/media\/77334"}],"wp:attachment":[{"href":"https:\/\/azerbaycan.media\/index.php?rest_route=%2Fwp%2Fv2%2Fmedia&parent=77333"}],"wp:term":[{"taxonomy":"category","embeddable":true,"href":"https:\/\/azerbaycan.media\/index.php?rest_route=%2Fwp%2Fv2%2Fcategories&post=77333"},{"taxonomy":"post_tag","embeddable":true,"href":"https:\/\/azerbaycan.media\/index.php?rest_route=%2Fwp%2Fv2%2Ftags&post=77333"}],"curies":[{"name":"wp","href":"https:\/\/api.w.org\/{rel}","templated":true}]}}