{"id":77328,"date":"2026-04-30T14:42:56","date_gmt":"2026-04-30T10:42:56","guid":{"rendered":"https:\/\/azerbaycan.media\/?p=77328"},"modified":"2026-04-30T14:42:56","modified_gmt":"2026-04-30T10:42:56","slug":"yazici-r%c9%99sad-s%c9%99f%c9%99rin-c%c9%99nubda-%c9%99n-uzun-gun-romani-n%c9%99sr-olunub-yeni-kitab-satisa-cixarilir","status":"publish","type":"post","link":"https:\/\/azerbaycan.media\/?p=77328","title":{"rendered":"Yaz\u0131\u00e7\u0131 R\u0259\u015fad S\u0259f\u0259rin \u201cC\u0259nubda \u0259n uzun g\u00fcn\u201d roman\u0131 n\u0259\u015fr olunub \u2013 yeni kitab sat\u0131\u015fa \u00e7\u0131xar\u0131l\u0131r"},"content":{"rendered":"<p><strong>Az\u0259rbaycan.media<\/strong> x\u0259b\u0259r verir ki, yaz\u0131\u00e7\u0131 R\u0259\u015fad S\u0259f\u0259rin \u201cC\u0259nubda \u0259n uzun g\u00fcn\u201d adl\u0131 roman\u0131 i\u015f\u0131q \u00fcz\u00fc g\u00f6r\u00fcb.<br \/>\n\u018fs\u0259r \u201cPark\u201d n\u0259\u015friyyat\u0131nda \u00e7ap edilib v\u0259 may\u0131n 4-d\u0259n etibar\u0259n kitab ma\u011fazalar\u0131nda sat\u0131\u015fa \u00e7\u0131xar\u0131lacaq.<br \/>\nRoman\u0131n \u0259sas q\u0259hr\u0259man\u0131 \u015eahin \u0130sg\u0259nd\u0259rlidir. O, Buenos-Ayresd\u0259 s\u0259fir kimi f\u0259aliyy\u0259t g\u00f6st\u0259rir v\u0259 \u0259d\u0259biyyat, karyera v\u0259 ail\u0259 aras\u0131nda ya\u015fad\u0131\u011f\u0131 daxili t\u0259r\u0259dd\u00fcdl\u0259ri gerid\u0259 qoydu\u011funu d\u00fc\u015f\u00fcn\u00fcr. Lakin Bak\u0131da ba\u015f ver\u0259n bir x\u0259b\u0259r onun sakit h\u0259yat\u0131n\u0131 d\u0259yi\u015fir v\u0259 uzun ill\u0259r qurdu\u011fu ruhi tarazl\u0131\u011f\u0131 sars\u0131d\u0131r.<br \/>\n\u018fs\u0259rd\u0259 ke\u00e7mi\u015fl\u0259 indiki zaman aras\u0131nda \u0259laq\u0259l\u0259r, ba\u015f ver\u0259n hadis\u0259l\u0259rin s\u0259b\u0259bl\u0259rinin ara\u015fd\u0131r\u0131lmas\u0131 v\u0259 insan\u0131n daxili m\u00fcbariz\u0259si kimi m\u00f6vzular \u00f6n plana \u00e7\u0131xar\u0131l\u0131r.<br \/>\nQeyd ed\u0259k ki, bu, m\u00fc\u0259llifin \u00fc\u00e7\u00fcnc\u00fc kitab\u0131d\u0131r. R\u0259\u015fad S\u0259f\u0259r 2018-ci ild\u0259 \u201cAdalar v\u0259 G\u0259mil\u0259r\u201d hekay\u0259l\u0259r kitab\u0131, 2022-ci ild\u0259 is\u0259 \u201cKe\u00e7il\u0259rin n\u0259\u011fm\u0259l\u0259ri\u201d roman\u0131 il\u0259 oxuculara t\u0259qdim olunub.<br \/>\nRoman\u0131n redaktoru \u015fair \u015e\u0259hriyar Del Gerani, korrektoru yaz\u0131\u00e7\u0131 Nadir Yal\u00e7\u0131n, \u00fcz qab\u0131\u011f\u0131n\u0131n m\u00fc\u0259llifi is\u0259 r\u0259ssam-qrafik R\u0259sul H\u0259s\u0259ndir.<\/p>\n","protected":false},"excerpt":{"rendered":"<p>Az\u0259rbaycan.media x\u0259b\u0259r verir ki, yaz\u0131\u00e7\u0131 R\u0259\u015fad S\u0259f\u0259rin \u201cC\u0259nubda \u0259n uzun g\u00fcn\u201d adl\u0131 roman\u0131 i\u015f\u0131q \u00fcz\u00fc g\u00f6r\u00fcb. \u018fs\u0259r \u201cPark\u201d n\u0259\u015friyyat\u0131nda \u00e7ap edilib v\u0259 may\u0131n 4-d\u0259n etibar\u0259n kitab ma\u011fazalar\u0131nda sat\u0131\u015fa \u00e7\u0131xar\u0131lacaq. Roman\u0131n&hellip; <\/p>\n","protected":false},"author":537,"featured_media":77329,"comment_status":"closed","ping_status":"closed","sticky":false,"template":"","format":"standard","meta":{"footnotes":""},"categories":[63],"tags":[],"class_list":["post-77328","post","type-post","status-publish","format-standard","has-post-thumbnail","hentry","category-dbiyyat"],"_links":{"self":[{"href":"https:\/\/azerbaycan.media\/index.php?rest_route=\/wp\/v2\/posts\/77328","targetHints":{"allow":["GET"]}}],"collection":[{"href":"https:\/\/azerbaycan.media\/index.php?rest_route=\/wp\/v2\/posts"}],"about":[{"href":"https:\/\/azerbaycan.media\/index.php?rest_route=\/wp\/v2\/types\/post"}],"author":[{"embeddable":true,"href":"https:\/\/azerbaycan.media\/index.php?rest_route=\/wp\/v2\/users\/537"}],"replies":[{"embeddable":true,"href":"https:\/\/azerbaycan.media\/index.php?rest_route=%2Fwp%2Fv2%2Fcomments&post=77328"}],"version-history":[{"count":2,"href":"https:\/\/azerbaycan.media\/index.php?rest_route=\/wp\/v2\/posts\/77328\/revisions"}],"predecessor-version":[{"id":77331,"href":"https:\/\/azerbaycan.media\/index.php?rest_route=\/wp\/v2\/posts\/77328\/revisions\/77331"}],"wp:featuredmedia":[{"embeddable":true,"href":"https:\/\/azerbaycan.media\/index.php?rest_route=\/wp\/v2\/media\/77329"}],"wp:attachment":[{"href":"https:\/\/azerbaycan.media\/index.php?rest_route=%2Fwp%2Fv2%2Fmedia&parent=77328"}],"wp:term":[{"taxonomy":"category","embeddable":true,"href":"https:\/\/azerbaycan.media\/index.php?rest_route=%2Fwp%2Fv2%2Fcategories&post=77328"},{"taxonomy":"post_tag","embeddable":true,"href":"https:\/\/azerbaycan.media\/index.php?rest_route=%2Fwp%2Fv2%2Ftags&post=77328"}],"curies":[{"name":"wp","href":"https:\/\/api.w.org\/{rel}","templated":true}]}}