{"id":77320,"date":"2026-04-30T14:37:11","date_gmt":"2026-04-30T10:37:11","guid":{"rendered":"https:\/\/azerbaycan.media\/?p=77320"},"modified":"2026-04-30T14:37:11","modified_gmt":"2026-04-30T10:37:11","slug":"pezeskian-abs-in-iran-limanlarini-d%c9%99nizd%c9%99n-blokadaya-almasi-ugursuzluga-m%c9%99hkumdur","status":"publish","type":"post","link":"https:\/\/azerbaycan.media\/?p=77320","title":{"rendered":"Peze\u015fkian: AB\u015e-\u0131n \u0130ran limanlar\u0131n\u0131 d\u0259nizd\u0259n blokadaya almas\u0131 u\u011fursuzlu\u011fa m\u0259hkumdur"},"content":{"rendered":"<p><strong>Az\u0259rbaycan.media<\/strong> x\u0259b\u0259r verir ki, \u0130ran Prezidenti M\u0259sud Peze\u015fkian AB\u015e-\u0131n \u0130ran limanlar\u0131na qar\u015f\u0131 d\u0259niz blokadas\u0131 v\u0259 m\u0259hdudiyy\u0259tl\u0259r t\u0259tbiq etm\u0259 c\u0259hdl\u0259rinin m\u0259qs\u0259dl\u0259rin\u0259 \u00e7atmayaca\u011f\u0131n\u0131 bildirib.<br \/>\nD\u00f6vl\u0259t ba\u015f\u00e7\u0131s\u0131 yerli mediaya a\u00e7\u0131qlamas\u0131nda qeyd edib ki, d\u0259nizd\u0259n blokada v\u0259 ya h\u0259r hans\u0131 m\u0259hdudiyy\u0259tl\u0259rin t\u0259tbiqi beyn\u0259lxalq h\u00fcquqa ziddir v\u0259 n\u0259tic\u0259siz qalma\u011fa m\u0259hkumdur.<br \/>\nPeze\u015fkian\u0131n s\u00f6zl\u0259rin\u0259 g\u00f6r\u0259, bu c\u00fcr add\u0131mlar regional t\u0259hl\u00fck\u0259sizliyi g\u00fccl\u0259ndirmir, \u0259ksin\u0259 g\u0259rginliyi art\u0131r\u0131r v\u0259 K\u00f6rf\u0259z regionunda sabitliy\u0259 m\u0259nfi t\u0259sir g\u00f6st\u0259rir.<br \/>\nQeyd ed\u0259k ki, \u0130ran t\u0259r\u0259fi AB\u015e-\u0131n add\u0131mlar\u0131n\u0131 pisl\u0259y\u0259r\u0259k bunu at\u0259\u015fk\u0259s raz\u0131la\u015fmas\u0131n\u0131n pozulmas\u0131 kimi qiym\u0259tl\u0259ndirib.<\/p>\n","protected":false},"excerpt":{"rendered":"<p>Az\u0259rbaycan.media x\u0259b\u0259r verir ki, \u0130ran Prezidenti M\u0259sud Peze\u015fkian AB\u015e-\u0131n \u0130ran limanlar\u0131na qar\u015f\u0131 d\u0259niz blokadas\u0131 v\u0259 m\u0259hdudiyy\u0259tl\u0259r t\u0259tbiq etm\u0259 c\u0259hdl\u0259rinin m\u0259qs\u0259dl\u0259rin\u0259 \u00e7atmayaca\u011f\u0131n\u0131 bildirib. D\u00f6vl\u0259t ba\u015f\u00e7\u0131s\u0131 yerli mediaya a\u00e7\u0131qlamas\u0131nda qeyd edib ki,&hellip; <\/p>\n","protected":false},"author":537,"featured_media":77321,"comment_status":"closed","ping_status":"closed","sticky":false,"template":"","format":"standard","meta":{"footnotes":""},"categories":[55],"tags":[],"class_list":["post-77320","post","type-post","status-publish","format-standard","has-post-thumbnail","hentry","category-dunya"],"_links":{"self":[{"href":"https:\/\/azerbaycan.media\/index.php?rest_route=\/wp\/v2\/posts\/77320","targetHints":{"allow":["GET"]}}],"collection":[{"href":"https:\/\/azerbaycan.media\/index.php?rest_route=\/wp\/v2\/posts"}],"about":[{"href":"https:\/\/azerbaycan.media\/index.php?rest_route=\/wp\/v2\/types\/post"}],"author":[{"embeddable":true,"href":"https:\/\/azerbaycan.media\/index.php?rest_route=\/wp\/v2\/users\/537"}],"replies":[{"embeddable":true,"href":"https:\/\/azerbaycan.media\/index.php?rest_route=%2Fwp%2Fv2%2Fcomments&post=77320"}],"version-history":[{"count":2,"href":"https:\/\/azerbaycan.media\/index.php?rest_route=\/wp\/v2\/posts\/77320\/revisions"}],"predecessor-version":[{"id":77323,"href":"https:\/\/azerbaycan.media\/index.php?rest_route=\/wp\/v2\/posts\/77320\/revisions\/77323"}],"wp:featuredmedia":[{"embeddable":true,"href":"https:\/\/azerbaycan.media\/index.php?rest_route=\/wp\/v2\/media\/77321"}],"wp:attachment":[{"href":"https:\/\/azerbaycan.media\/index.php?rest_route=%2Fwp%2Fv2%2Fmedia&parent=77320"}],"wp:term":[{"taxonomy":"category","embeddable":true,"href":"https:\/\/azerbaycan.media\/index.php?rest_route=%2Fwp%2Fv2%2Fcategories&post=77320"},{"taxonomy":"post_tag","embeddable":true,"href":"https:\/\/azerbaycan.media\/index.php?rest_route=%2Fwp%2Fv2%2Ftags&post=77320"}],"curies":[{"name":"wp","href":"https:\/\/api.w.org\/{rel}","templated":true}]}}