{"id":77316,"date":"2026-04-30T14:33:06","date_gmt":"2026-04-30T10:33:06","guid":{"rendered":"https:\/\/azerbaycan.media\/?p=77316"},"modified":"2026-04-30T14:33:06","modified_gmt":"2026-04-30T10:33:06","slug":"luis-okamponun-etiraflari-avropa-parlamentind%c9%99ki-prosesl%c9%99ri-uz%c9%99-cixarir-hikm%c9%99t-babaoglu","status":"publish","type":"post","link":"https:\/\/azerbaycan.media\/?p=77316","title":{"rendered":"Luis Okamponun etiraflar\u0131 Avropa Parlamentind\u0259ki prosesl\u0259ri \u00fcz\u0259 \u00e7\u0131xar\u0131r \u2013 Hikm\u0259t Babao\u011flu"},"content":{"rendered":"<p><strong>Az\u0259rbaycan.media<\/strong> x\u0259b\u0259r verir ki, Beyn\u0259lxalq \u018fdal\u0259t M\u0259hk\u0259m\u0259sinin sabiq prokuroru Luis Okamponun etiraflar\u0131 Avropa Parlamentind\u0259 ba\u015f ver\u0259n b\u0259zi prosesl\u0259r\u0259 dair m\u00fczakir\u0259l\u0259ri g\u00fcnd\u0259m\u0259 g\u0259tirib.<br \/>\nMilli M\u0259clisin deputat\u0131 Hikm\u0259t Babao\u011flu APA-ya a\u00e7\u0131qlamas\u0131nda bildirib ki, h\u0259min etiraflar Avropada erm\u0259ni lobbi \u015f\u0259b\u0259k\u0259l\u0259rinin n\u00fcfuzdan d\u00fc\u015fm\u00fc\u015f v\u0259 h\u00fcquqi probleml\u0259ri olan \u015f\u0259xsl\u0259rl\u0259 \u0259laq\u0259l\u0259rini ortaya \u00e7\u0131xar\u0131r.<br \/>\nOnun s\u00f6zl\u0259rin\u0259 g\u00f6r\u0259, bu c\u00fcr f\u0259aliyy\u0259tl\u0259r Avropa siyas\u0259tind\u0259 korrupsiya iddialar\u0131n\u0131 g\u00fccl\u0259ndirir v\u0259 b\u0259zi parlamentaril\u0259rin maddi maraqlar m\u00fcqabilind\u0259 lobbi\u00e7ilik f\u0259aliyy\u0259ti g\u00f6st\u0259rm\u0259si bar\u0259d\u0259 fikirl\u0259ri aktualla\u015fd\u0131r\u0131r.<br \/>\nHikm\u0259t Babao\u011flu qeyd edib ki, m\u0259s\u0259l\u0259 t\u0259kc\u0259 Avropa Parlamenti \u00fczvl\u0259ri il\u0259 m\u0259hdudla\u015fm\u0131r, eyni zamanda Avropa \u0130ttifaq\u0131n\u0131n Xarici siyas\u0259t v\u0259 T\u0259hl\u00fck\u0259sizlik m\u0259s\u0259l\u0259l\u0259ri \u00fczr\u0259 sabiq Ali N\u00fcmay\u0259nd\u0259si Cozep Borrellin d\u0259 ad\u0131 m\u00fcxt\u0259lif iddialarla halland\u0131r\u0131l\u0131r.<br \/>\nDeputat \u0259lav\u0259 edib ki, bu prosesl\u0259r beyn\u0259lxalq h\u00fcquqa zidd yana\u015fmalar\u0131n v\u0259 siyasi maraqlar\u0131n t\u0259siri il\u0259 formala\u015fan mexanizml\u0259rin m\u00f6vcudlu\u011funu g\u00f6st\u0259rir. Onun fikrinc\u0259, bel\u0259 hallar Avropa siyas\u0259tind\u0259 ciddi m\u00fczakir\u0259l\u0259r\u0259 s\u0259b\u0259b olur v\u0259 b\u0259zi siyasi fiqurlar\u0131n if\u015fa olunmas\u0131 bax\u0131m\u0131ndan \u0259h\u0259miyy\u0259t da\u015f\u0131y\u0131r.<\/p>\n","protected":false},"excerpt":{"rendered":"<p>Az\u0259rbaycan.media x\u0259b\u0259r verir ki, Beyn\u0259lxalq \u018fdal\u0259t M\u0259hk\u0259m\u0259sinin sabiq prokuroru Luis Okamponun etiraflar\u0131 Avropa Parlamentind\u0259 ba\u015f ver\u0259n b\u0259zi prosesl\u0259r\u0259 dair m\u00fczakir\u0259l\u0259ri g\u00fcnd\u0259m\u0259 g\u0259tirib. Milli M\u0259clisin deputat\u0131 Hikm\u0259t Babao\u011flu APA-ya a\u00e7\u0131qlamas\u0131nda bildirib&hellip; <\/p>\n","protected":false},"author":537,"featured_media":77317,"comment_status":"closed","ping_status":"closed","sticky":false,"template":"","format":"standard","meta":{"footnotes":""},"categories":[75],"tags":[],"class_list":["post-77316","post","type-post","status-publish","format-standard","has-post-thumbnail","hentry","category-xbrlr"],"_links":{"self":[{"href":"https:\/\/azerbaycan.media\/index.php?rest_route=\/wp\/v2\/posts\/77316","targetHints":{"allow":["GET"]}}],"collection":[{"href":"https:\/\/azerbaycan.media\/index.php?rest_route=\/wp\/v2\/posts"}],"about":[{"href":"https:\/\/azerbaycan.media\/index.php?rest_route=\/wp\/v2\/types\/post"}],"author":[{"embeddable":true,"href":"https:\/\/azerbaycan.media\/index.php?rest_route=\/wp\/v2\/users\/537"}],"replies":[{"embeddable":true,"href":"https:\/\/azerbaycan.media\/index.php?rest_route=%2Fwp%2Fv2%2Fcomments&post=77316"}],"version-history":[{"count":1,"href":"https:\/\/azerbaycan.media\/index.php?rest_route=\/wp\/v2\/posts\/77316\/revisions"}],"predecessor-version":[{"id":77318,"href":"https:\/\/azerbaycan.media\/index.php?rest_route=\/wp\/v2\/posts\/77316\/revisions\/77318"}],"wp:featuredmedia":[{"embeddable":true,"href":"https:\/\/azerbaycan.media\/index.php?rest_route=\/wp\/v2\/media\/77317"}],"wp:attachment":[{"href":"https:\/\/azerbaycan.media\/index.php?rest_route=%2Fwp%2Fv2%2Fmedia&parent=77316"}],"wp:term":[{"taxonomy":"category","embeddable":true,"href":"https:\/\/azerbaycan.media\/index.php?rest_route=%2Fwp%2Fv2%2Fcategories&post=77316"},{"taxonomy":"post_tag","embeddable":true,"href":"https:\/\/azerbaycan.media\/index.php?rest_route=%2Fwp%2Fv2%2Ftags&post=77316"}],"curies":[{"name":"wp","href":"https:\/\/api.w.org\/{rel}","templated":true}]}}