{"id":77312,"date":"2026-04-30T14:31:00","date_gmt":"2026-04-30T10:31:00","guid":{"rendered":"https:\/\/azerbaycan.media\/?p=77312"},"modified":"2026-04-30T14:31:00","modified_gmt":"2026-04-30T10:31:00","slug":"eyin-k%c9%99ndin%c9%99-yeni-koc-karvani-32-ail%c9%99-xocav%c9%99ndd%c9%99-dogma-yurduna-qayitdi","status":"publish","type":"post","link":"https:\/\/azerbaycan.media\/?p=77312","title":{"rendered":"Eyin k\u0259ndin\u0259 yeni k\u00f6\u00e7 karvan\u0131: 32 ail\u0259 Xocav\u0259ndd\u0259 do\u011fma yurduna qay\u0131td\u0131"},"content":{"rendered":"<p><strong>Az\u0259rbaycan.media<\/strong> x\u0259b\u0259r verir ki, Xocav\u0259nd rayonunun Eyin k\u0259ndin\u0259 n\u00f6vb\u0259ti k\u00f6\u00e7 karvan\u0131 yola sal\u0131n\u0131b.<br \/>\nBu m\u0259rh\u0259l\u0259d\u0259 k\u0259nd\u0259 32 ail\u0259nin \u2013 \u00fcmumilikd\u0259 135 n\u0259f\u0259rin k\u00f6\u00e7\u00fc t\u0259min olunaraq onlar\u0131n do\u011fma yurdlar\u0131na qay\u0131d\u0131\u015f\u0131 h\u0259yata ke\u00e7irilib.<br \/>\nQeyd ed\u0259k ki, son k\u00f6\u00e7 prosesi il\u0259 birlikd\u0259 Eyin k\u0259ndin\u0259 k\u00f6\u00e7\u00fcr\u00fcl\u0259n ail\u0259l\u0259rin say\u0131 66-ya, \u00fcmumi sakinl\u0259rin say\u0131 is\u0259 277 n\u0259f\u0259r\u0259 \u00e7at\u0131b.<\/p>\n","protected":false},"excerpt":{"rendered":"<p>Az\u0259rbaycan.media x\u0259b\u0259r verir ki, Xocav\u0259nd rayonunun Eyin k\u0259ndin\u0259 n\u00f6vb\u0259ti k\u00f6\u00e7 karvan\u0131 yola sal\u0131n\u0131b. Bu m\u0259rh\u0259l\u0259d\u0259 k\u0259nd\u0259 32 ail\u0259nin \u2013 \u00fcmumilikd\u0259 135 n\u0259f\u0259rin k\u00f6\u00e7\u00fc t\u0259min olunaraq onlar\u0131n do\u011fma yurdlar\u0131na qay\u0131d\u0131\u015f\u0131 h\u0259yata&hellip; <\/p>\n","protected":false},"author":537,"featured_media":77313,"comment_status":"closed","ping_status":"closed","sticky":false,"template":"","format":"standard","meta":{"footnotes":""},"categories":[48],"tags":[],"class_list":["post-77312","post","type-post","status-publish","format-standard","has-post-thumbnail","hentry","category-cmiyyt"],"_links":{"self":[{"href":"https:\/\/azerbaycan.media\/index.php?rest_route=\/wp\/v2\/posts\/77312","targetHints":{"allow":["GET"]}}],"collection":[{"href":"https:\/\/azerbaycan.media\/index.php?rest_route=\/wp\/v2\/posts"}],"about":[{"href":"https:\/\/azerbaycan.media\/index.php?rest_route=\/wp\/v2\/types\/post"}],"author":[{"embeddable":true,"href":"https:\/\/azerbaycan.media\/index.php?rest_route=\/wp\/v2\/users\/537"}],"replies":[{"embeddable":true,"href":"https:\/\/azerbaycan.media\/index.php?rest_route=%2Fwp%2Fv2%2Fcomments&post=77312"}],"version-history":[{"count":2,"href":"https:\/\/azerbaycan.media\/index.php?rest_route=\/wp\/v2\/posts\/77312\/revisions"}],"predecessor-version":[{"id":77315,"href":"https:\/\/azerbaycan.media\/index.php?rest_route=\/wp\/v2\/posts\/77312\/revisions\/77315"}],"wp:featuredmedia":[{"embeddable":true,"href":"https:\/\/azerbaycan.media\/index.php?rest_route=\/wp\/v2\/media\/77313"}],"wp:attachment":[{"href":"https:\/\/azerbaycan.media\/index.php?rest_route=%2Fwp%2Fv2%2Fmedia&parent=77312"}],"wp:term":[{"taxonomy":"category","embeddable":true,"href":"https:\/\/azerbaycan.media\/index.php?rest_route=%2Fwp%2Fv2%2Fcategories&post=77312"},{"taxonomy":"post_tag","embeddable":true,"href":"https:\/\/azerbaycan.media\/index.php?rest_route=%2Fwp%2Fv2%2Ftags&post=77312"}],"curies":[{"name":"wp","href":"https:\/\/api.w.org\/{rel}","templated":true}]}}