{"id":77295,"date":"2026-04-30T13:50:59","date_gmt":"2026-04-30T09:50:59","guid":{"rendered":"https:\/\/azerbaycan.media\/?p=77295"},"modified":"2026-04-30T13:50:59","modified_gmt":"2026-04-30T09:50:59","slug":"saakasvili-az%c9%99rbaycanli-fermerl%c9%99r%c9%99-d%c9%99st%c9%99k-cagirisi-edib-muxalif%c9%99t%c9%99-xalqin-yaninda-olun-mesaji","status":"publish","type":"post","link":"https:\/\/azerbaycan.media\/?p=77295","title":{"rendered":"Saaka\u015fvili az\u0259rbaycanl\u0131 fermerl\u0259r\u0259 d\u0259st\u0259k \u00e7a\u011f\u0131r\u0131\u015f\u0131 edib \u2013 m\u00fcxalif\u0259t\u0259 \u201cxalq\u0131n yan\u0131nda olun\u201d mesaj\u0131"},"content":{"rendered":"<p><strong>Az\u0259rbaycan.media<\/strong> x\u0259b\u0259r verir ki, G\u00fcrc\u00fcstan\u0131n sabiq prezidenti Mixail Saaka\u015fvili Marneulinin \u015eulaver k\u0259ndind\u0259 ke\u00e7iril\u0259n fermer aksiyas\u0131na m\u00fcnasib\u0259t bildir\u0259r\u0259k az\u0259rbaycanl\u0131 fermerl\u0259rl\u0259 h\u0259mr\u0259y oldu\u011funu a\u00e7\u0131qlay\u0131b v\u0259 m\u00fcxalif\u0259ti f\u0259al olma\u011fa \u00e7a\u011f\u0131r\u0131b.<br \/>\nSaaka\u015fvili bildirib ki, Marneuli b\u00f6lg\u0259sind\u0259 ya\u015fayan fermerl\u0259r haz\u0131rda sosial v\u0259 iqtisadi \u00e7\u0259tinlikl\u0259rl\u0259 \u00fczl\u0259\u015fibl\u0259r v\u0259 bu v\u0259ziyy\u0259tin \u0259sas s\u0259b\u0259bi kimi hakimiyy\u0259tin siyas\u0259tini g\u00f6st\u0259rib. O, regiondak\u0131 az\u0259rbaycanl\u0131 \u0259halinin \u0259vv\u0259ll\u0259r t\u0259zyiql\u0259rl\u0259 \u00fczl\u0259\u015fdiyini, \u00f6z\u00fcn\u00fcn is\u0259 h\u0259min d\u00f6vrd\u0259 onlar\u0131n h\u00fcquqlar\u0131n\u0131n m\u00fcdafi\u0259sin\u0259 \u00e7al\u0131\u015fd\u0131\u011f\u0131n\u0131 qeyd edib.<br \/>\nSabiq prezident h\u0259m\u00e7inin Tiflisd\u0259ki m\u00fcxalif q\u00fcvv\u0259l\u0259r\u0259 m\u00fcraci\u0259t ed\u0259r\u0259k onlar\u0131 yerind\u0259 v\u0259ziyy\u0259ti \u00f6yr\u0259nm\u0259y\u0259 v\u0259 k\u0259ndl\u0259rd\u0259 ya\u015fayan v\u0259t\u0259nda\u015flarla birba\u015fa t\u0259mas qurma\u011fa \u00e7a\u011f\u0131r\u0131b. Onun s\u00f6zl\u0259rin\u0259 g\u00f6r\u0259, yaln\u0131z studiyalardan v\u0259 b\u0259yanatlardan \u00e7\u0131x\u0131\u015f etm\u0259k kifay\u0259t deyil, real probleml\u0259rin yerind\u0259 ara\u015fd\u0131r\u0131lmas\u0131 vacibdir.<br \/>\nSaaka\u015fvili vur\u011fulay\u0131b ki, m\u00fcxalif\u0259t \u201cxalq\u0131n yan\u0131nda olmal\u0131, birl\u0259\u015fm\u0259li v\u0259 v\u0259t\u0259nda\u015flar\u0131n probleml\u0259rin\u0259 daha f\u0259al \u015f\u0259kild\u0259 qo\u015fulmal\u0131d\u0131r\u201d.<\/p>\n","protected":false},"excerpt":{"rendered":"<p>Az\u0259rbaycan.media x\u0259b\u0259r verir ki, G\u00fcrc\u00fcstan\u0131n sabiq prezidenti Mixail Saaka\u015fvili Marneulinin \u015eulaver k\u0259ndind\u0259 ke\u00e7iril\u0259n fermer aksiyas\u0131na m\u00fcnasib\u0259t bildir\u0259r\u0259k az\u0259rbaycanl\u0131 fermerl\u0259rl\u0259 h\u0259mr\u0259y oldu\u011funu a\u00e7\u0131qlay\u0131b v\u0259 m\u00fcxalif\u0259ti f\u0259al olma\u011fa \u00e7a\u011f\u0131r\u0131b. Saaka\u015fvili bildirib ki,&hellip; <\/p>\n","protected":false},"author":537,"featured_media":77296,"comment_status":"closed","ping_status":"closed","sticky":false,"template":"","format":"standard","meta":{"footnotes":""},"categories":[55],"tags":[],"class_list":["post-77295","post","type-post","status-publish","format-standard","has-post-thumbnail","hentry","category-dunya"],"_links":{"self":[{"href":"https:\/\/azerbaycan.media\/index.php?rest_route=\/wp\/v2\/posts\/77295","targetHints":{"allow":["GET"]}}],"collection":[{"href":"https:\/\/azerbaycan.media\/index.php?rest_route=\/wp\/v2\/posts"}],"about":[{"href":"https:\/\/azerbaycan.media\/index.php?rest_route=\/wp\/v2\/types\/post"}],"author":[{"embeddable":true,"href":"https:\/\/azerbaycan.media\/index.php?rest_route=\/wp\/v2\/users\/537"}],"replies":[{"embeddable":true,"href":"https:\/\/azerbaycan.media\/index.php?rest_route=%2Fwp%2Fv2%2Fcomments&post=77295"}],"version-history":[{"count":2,"href":"https:\/\/azerbaycan.media\/index.php?rest_route=\/wp\/v2\/posts\/77295\/revisions"}],"predecessor-version":[{"id":77298,"href":"https:\/\/azerbaycan.media\/index.php?rest_route=\/wp\/v2\/posts\/77295\/revisions\/77298"}],"wp:featuredmedia":[{"embeddable":true,"href":"https:\/\/azerbaycan.media\/index.php?rest_route=\/wp\/v2\/media\/77296"}],"wp:attachment":[{"href":"https:\/\/azerbaycan.media\/index.php?rest_route=%2Fwp%2Fv2%2Fmedia&parent=77295"}],"wp:term":[{"taxonomy":"category","embeddable":true,"href":"https:\/\/azerbaycan.media\/index.php?rest_route=%2Fwp%2Fv2%2Fcategories&post=77295"},{"taxonomy":"post_tag","embeddable":true,"href":"https:\/\/azerbaycan.media\/index.php?rest_route=%2Fwp%2Fv2%2Ftags&post=77295"}],"curies":[{"name":"wp","href":"https:\/\/api.w.org\/{rel}","templated":true}]}}