{"id":77291,"date":"2026-04-30T13:47:46","date_gmt":"2026-04-30T09:47:46","guid":{"rendered":"https:\/\/azerbaycan.media\/?p=77291"},"modified":"2026-04-30T13:47:46","modified_gmt":"2026-04-30T09:47:46","slug":"baki-v%c9%99-abseronda-sixliq-musahid%c9%99-olunur-yollarda-v%c9%99ziyy%c9%99t-aciqlanib","status":"publish","type":"post","link":"https:\/\/azerbaycan.media\/?p=77291","title":{"rendered":"Bak\u0131 v\u0259 Ab\u015feronda s\u0131xl\u0131q m\u00fc\u015fahid\u0259 olunur \u2013 yollarda v\u0259ziyy\u0259t a\u00e7\u0131qlan\u0131b"},"content":{"rendered":"<p><strong>Az\u0259rbaycan.media<\/strong> x\u0259b\u0259r verir ki, Bak\u0131da bir s\u0131ra \u0259sas k\u00fc\u00e7\u0259 v\u0259 prospektl\u0259rd\u0259 n\u0259qliyyat s\u0131xl\u0131\u011f\u0131 qeyd\u0259 al\u0131n\u0131b.<br \/>\nN\u0259qliyyat\u0131 \u0130ntellektual \u0130dar\u0259etm\u0259 M\u0259rk\u0259zin\u0259 (N\u0130\u0130M) istinad\u0259n yayd\u0131\u011f\u0131 m\u0259lumata g\u00f6r\u0259, haz\u0131rda \u015f\u0259h\u0259rin m\u00fcxt\u0259lif istiqam\u0259tl\u0259rind\u0259 h\u0259r\u0259k\u0259t intensivliyi y\u00fcks\u0259kdir v\u0259 b\u0259zi yollarda t\u0131xac yaran\u0131b.<br \/>\nS\u0131xl\u0131q m\u00fc\u015fahid\u0259 olunan \u0259sas istiqam\u0259tl\u0259r bunlard\u0131r:<br \/>\nBak\u0131-Sumqay\u0131t \u015fosesi, \u201c20 Yanvar\u201d metro stansiyas\u0131 istiqam\u0259tind\u0259<br \/>\nTbilisi prospekti, \u201c20 Yanvar\u201d istiqam\u0259tind\u0259n m\u0259rk\u0259z\u0259 do\u011fru<br \/>\nZiya B\u00fcnyadov prospekti v\u0259 Al\u0131 Mustafayev k\u00fc\u00e7\u0259si istiqam\u0259tl\u0259ri<br \/>\nHeyd\u0259r \u018fliyev prospekti (\u0259sas yol, m\u0259rk\u0259z istiqam\u0259tind\u0259)<br \/>\nYusif S\u0259f\u0259rov, 28 May v\u0259 R\u0259\u015fid Behbudov k\u00fc\u00e7\u0259l\u0259ri<br \/>\nD\u0259nizk\u0259nar\u0131 v\u0259 Badamdar istiqam\u0259tind\u0259 yollar<br \/>\nM\u0259lumata \u0259sas\u0259n, b\u0259zi k\u00fc\u00e7\u0259l\u0259rd\u0259 n\u0259qliyyat ax\u0131n\u0131n\u0131n z\u0259ifl\u0259m\u0259si n\u0259tic\u0259sind\u0259 t\u0131xaclar yaran\u0131b. S\u00fcr\u00fcc\u00fcl\u0259r\u0259 alternativ mar\u015frutlardan istifad\u0259 etm\u0259l\u0259ri t\u00f6vsiy\u0259 olunur.<\/p>\n","protected":false},"excerpt":{"rendered":"<p>Az\u0259rbaycan.media x\u0259b\u0259r verir ki, Bak\u0131da bir s\u0131ra \u0259sas k\u00fc\u00e7\u0259 v\u0259 prospektl\u0259rd\u0259 n\u0259qliyyat s\u0131xl\u0131\u011f\u0131 qeyd\u0259 al\u0131n\u0131b. N\u0259qliyyat\u0131 \u0130ntellektual \u0130dar\u0259etm\u0259 M\u0259rk\u0259zin\u0259 (N\u0130\u0130M) istinad\u0259n yayd\u0131\u011f\u0131 m\u0259lumata g\u00f6r\u0259, haz\u0131rda \u015f\u0259h\u0259rin m\u00fcxt\u0259lif istiqam\u0259tl\u0259rind\u0259 h\u0259r\u0259k\u0259t intensivliyi&hellip; <\/p>\n","protected":false},"author":537,"featured_media":77292,"comment_status":"closed","ping_status":"closed","sticky":false,"template":"","format":"standard","meta":{"footnotes":""},"categories":[75],"tags":[],"class_list":["post-77291","post","type-post","status-publish","format-standard","has-post-thumbnail","hentry","category-xbrlr"],"_links":{"self":[{"href":"https:\/\/azerbaycan.media\/index.php?rest_route=\/wp\/v2\/posts\/77291","targetHints":{"allow":["GET"]}}],"collection":[{"href":"https:\/\/azerbaycan.media\/index.php?rest_route=\/wp\/v2\/posts"}],"about":[{"href":"https:\/\/azerbaycan.media\/index.php?rest_route=\/wp\/v2\/types\/post"}],"author":[{"embeddable":true,"href":"https:\/\/azerbaycan.media\/index.php?rest_route=\/wp\/v2\/users\/537"}],"replies":[{"embeddable":true,"href":"https:\/\/azerbaycan.media\/index.php?rest_route=%2Fwp%2Fv2%2Fcomments&post=77291"}],"version-history":[{"count":2,"href":"https:\/\/azerbaycan.media\/index.php?rest_route=\/wp\/v2\/posts\/77291\/revisions"}],"predecessor-version":[{"id":77294,"href":"https:\/\/azerbaycan.media\/index.php?rest_route=\/wp\/v2\/posts\/77291\/revisions\/77294"}],"wp:featuredmedia":[{"embeddable":true,"href":"https:\/\/azerbaycan.media\/index.php?rest_route=\/wp\/v2\/media\/77292"}],"wp:attachment":[{"href":"https:\/\/azerbaycan.media\/index.php?rest_route=%2Fwp%2Fv2%2Fmedia&parent=77291"}],"wp:term":[{"taxonomy":"category","embeddable":true,"href":"https:\/\/azerbaycan.media\/index.php?rest_route=%2Fwp%2Fv2%2Fcategories&post=77291"},{"taxonomy":"post_tag","embeddable":true,"href":"https:\/\/azerbaycan.media\/index.php?rest_route=%2Fwp%2Fv2%2Ftags&post=77291"}],"curies":[{"name":"wp","href":"https:\/\/api.w.org\/{rel}","templated":true}]}}