{"id":77287,"date":"2026-04-30T13:43:27","date_gmt":"2026-04-30T09:43:27","guid":{"rendered":"https:\/\/azerbaycan.media\/?p=77287"},"modified":"2026-04-30T13:43:27","modified_gmt":"2026-04-30T09:43:27","slug":"medvedev-yaxin-s%c9%99rqd%c9%99-munaqis%c9%99nin-uzanmasinda-iqtisadi-maraqlar-rol-oynayir","status":"publish","type":"post","link":"https:\/\/azerbaycan.media\/?p=77287","title":{"rendered":"Medvedev: Yax\u0131n \u015e\u0259rqd\u0259 m\u00fcnaqi\u015f\u0259nin uzanmas\u0131nda iqtisadi maraqlar rol oynay\u0131r"},"content":{"rendered":"<p><strong>Az\u0259rbaycan.media<\/strong> x\u0259b\u0259r verir ki, Rusiya T\u0259hl\u00fck\u0259sizlik \u015euras\u0131n\u0131n s\u0259dr m\u00fcavini Dmitri Medvedev Yax\u0131n \u015e\u0259rqd\u0259 davam ed\u0259n g\u0259rginlikl\u0259 ba\u011fl\u0131 a\u00e7\u0131qlama verib.<br \/>\nMedvedev regiondak\u0131 m\u00fcnaqi\u015f\u0259nin yax\u0131n perspektivd\u0259 ba\u015fa \u00e7atmas\u0131n\u0131n real g\u00f6r\u00fcnm\u0259diyini bildirib.<br \/>\nOnun s\u00f6zl\u0259rin\u0259 g\u00f6r\u0259, m\u00f6vcud v\u0259ziyy\u0259tin arxas\u0131nda ciddi iqtisadi maraqlar dayan\u0131r v\u0259 b\u0259zi aktorlar \u00fc\u00e7\u00fcn davam ed\u0259n xaos g\u0259lir m\u0259nb\u0259yin\u0259 \u00e7evrilib.<br \/>\nRusiya r\u0259smisi qeyd edib ki, \u201cm\u00fcharib\u0259nin uzanmas\u0131nda bir \u00e7ox \u00f6lk\u0259 v\u0259 m\u00fcxt\u0259lif oyun\u00e7ular maraql\u0131d\u0131r\u201d v\u0259 bu s\u0259b\u0259bd\u0259n m\u00fcnaqi\u015f\u0259nin h\u0259llin\u0259 deyil, \u0259ksin\u0259, daha da d\u0259rinl\u0259\u015fm\u0259sin\u0259 \u015f\u0259rait yarad\u0131l\u0131r.<br \/>\nMedvedev \u0259lav\u0259 edib ki, humanitar b\u00f6hrana baxmayaraq, h\u0259m daxili, h\u0259m d\u0259 xarici q\u00fcvv\u0259l\u0259r g\u0259rginliyin azald\u0131lmas\u0131 \u0259v\u0259zin\u0259 onu art\u0131ran add\u0131mlar atmaqda davam edirl\u0259r.<\/p>\n","protected":false},"excerpt":{"rendered":"<p>Az\u0259rbaycan.media x\u0259b\u0259r verir ki, Rusiya T\u0259hl\u00fck\u0259sizlik \u015euras\u0131n\u0131n s\u0259dr m\u00fcavini Dmitri Medvedev Yax\u0131n \u015e\u0259rqd\u0259 davam ed\u0259n g\u0259rginlikl\u0259 ba\u011fl\u0131 a\u00e7\u0131qlama verib. Medvedev regiondak\u0131 m\u00fcnaqi\u015f\u0259nin yax\u0131n perspektivd\u0259 ba\u015fa \u00e7atmas\u0131n\u0131n real g\u00f6r\u00fcnm\u0259diyini bildirib. Onun&hellip; <\/p>\n","protected":false},"author":537,"featured_media":77288,"comment_status":"closed","ping_status":"closed","sticky":false,"template":"","format":"standard","meta":{"footnotes":""},"categories":[55],"tags":[],"class_list":["post-77287","post","type-post","status-publish","format-standard","has-post-thumbnail","hentry","category-dunya"],"_links":{"self":[{"href":"https:\/\/azerbaycan.media\/index.php?rest_route=\/wp\/v2\/posts\/77287","targetHints":{"allow":["GET"]}}],"collection":[{"href":"https:\/\/azerbaycan.media\/index.php?rest_route=\/wp\/v2\/posts"}],"about":[{"href":"https:\/\/azerbaycan.media\/index.php?rest_route=\/wp\/v2\/types\/post"}],"author":[{"embeddable":true,"href":"https:\/\/azerbaycan.media\/index.php?rest_route=\/wp\/v2\/users\/537"}],"replies":[{"embeddable":true,"href":"https:\/\/azerbaycan.media\/index.php?rest_route=%2Fwp%2Fv2%2Fcomments&post=77287"}],"version-history":[{"count":2,"href":"https:\/\/azerbaycan.media\/index.php?rest_route=\/wp\/v2\/posts\/77287\/revisions"}],"predecessor-version":[{"id":77290,"href":"https:\/\/azerbaycan.media\/index.php?rest_route=\/wp\/v2\/posts\/77287\/revisions\/77290"}],"wp:featuredmedia":[{"embeddable":true,"href":"https:\/\/azerbaycan.media\/index.php?rest_route=\/wp\/v2\/media\/77288"}],"wp:attachment":[{"href":"https:\/\/azerbaycan.media\/index.php?rest_route=%2Fwp%2Fv2%2Fmedia&parent=77287"}],"wp:term":[{"taxonomy":"category","embeddable":true,"href":"https:\/\/azerbaycan.media\/index.php?rest_route=%2Fwp%2Fv2%2Fcategories&post=77287"},{"taxonomy":"post_tag","embeddable":true,"href":"https:\/\/azerbaycan.media\/index.php?rest_route=%2Fwp%2Fv2%2Ftags&post=77287"}],"curies":[{"name":"wp","href":"https:\/\/api.w.org\/{rel}","templated":true}]}}