{"id":77283,"date":"2026-04-30T12:58:22","date_gmt":"2026-04-30T08:58:22","guid":{"rendered":"https:\/\/azerbaycan.media\/?p=77283"},"modified":"2026-04-30T12:58:22","modified_gmt":"2026-04-30T08:58:22","slug":"ilham-eliyev-avropa-cempionu-olan-gul%c9%99scil%c9%99rl%c9%99-gorusub-az%c9%99rbaycan-yen%c9%99-birinciliyini-subut-etdi","status":"publish","type":"post","link":"https:\/\/azerbaycan.media\/?p=77283","title":{"rendered":"<span style=\"color:red\">\u0130lham \u018fliyev Avropa \u00e7empionu olan g\u00fcl\u0259\u015f\u00e7il\u0259rl\u0259 g\u00f6r\u00fc\u015f\u00fcb: \u201cAz\u0259rbaycan yen\u0259 birinciliyini s\u00fcbut etdi\u201d<\/span>"},"content":{"rendered":"<div id=\"mvp-content-body-top\" class=\"left relative\">\n<div id=\"mvp-content-main\" class=\"left relative\">\n<p>&nbsp;<\/p>\n<div class=\"relative basis-auto flex-col -mb-(--composer-overlap-px) pb-(--composer-overlap-px) [--composer-overlap-px:28px] grow flex\">\n<div class=\"flex flex-col text-sm\">\n<section class=\"text-token-text-primary w-full focus:outline-none [--shadow-height:45px] has-data-writing-block:pointer-events-none has-data-writing-block:-mt-(--shadow-height) has-data-writing-block:pt-(--shadow-height) [&amp;:has([data-writing-block])&gt;*]:pointer-events-auto [content-visibility:auto] supports-[content-visibility:auto]:[contain-intrinsic-size:auto_100lvh] R6Vx5W_threadScrollVars scroll-mb-[calc(var(--scroll-root-safe-area-inset-bottom,0px)+var(--thread-response-height))] scroll-mt-[calc(var(--header-height)+min(200px,max(70px,20svh)))]\" dir=\"auto\" data-turn-id=\"request-WEB:f3c9b8c8-b3f4-462e-8990-6c8848ec24eb-0\" data-testid=\"conversation-turn-2\" data-scroll-anchor=\"false\" data-turn=\"assistant\">\n<div class=\"text-base my-auto mx-auto pb-10 [--thread-content-margin:var(--thread-content-margin-xs,calc(var(--spacing)*4))] @w-sm\/main:[--thread-content-margin:var(--thread-content-margin-sm,calc(var(--spacing)*6))] @w-lg\/main:[--thread-content-margin:var(--thread-content-margin-lg,calc(var(--spacing)*16))] px-(--thread-content-margin)\">\n<div class=\"[--thread-content-max-width:40rem] @w-lg\/main:[--thread-content-max-width:48rem] mx-auto max-w-(--thread-content-max-width) flex-1 group\/turn-messages focus-visible:outline-hidden relative flex w-full min-w-0 flex-col agent-turn\">\n<div class=\"flex max-w-full flex-col gap-4 grow\">\n<div class=\"min-h-8 text-message relative flex w-full flex-col items-end gap-2 text-start break-words whitespace-normal outline-none keyboard-focused:focus-ring [.text-message+&amp;]:mt-1\" dir=\"auto\" tabindex=\"0\" data-message-author-role=\"assistant\" data-message-id=\"fc35f04b-8837-4e52-afa5-083d1f476a75\" data-message-model-slug=\"gpt-5-3\" data-turn-start-message=\"true\">\n<div class=\"flex w-full flex-col gap-1 empty:hidden\">\n<div class=\"markdown prose dark:prose-invert w-full wrap-break-word light markdown-new-styling\">\n<p data-start=\"119\" data-end=\"476\"><br data-start=\"128\" data-end=\"131\" \/><span style=\"color: #ff0000;\"><strong>Az\u0259rbaycan.media<\/strong><\/span> x\u0259b\u0259r verir ki, Az\u0259rbaycan Respublikas\u0131n\u0131n Prezidenti <span class=\"hover:entity-accent entity-underline inline cursor-pointer align-baseline\"><span class=\"whitespace-normal\">\u0130lham \u018fliyev<\/span><\/span> Albaniyan\u0131n paytaxt\u0131 <span class=\"hover:entity-accent entity-underline inline cursor-pointer align-baseline\"><span class=\"whitespace-normal\">Tirana<\/span><\/span> \u015f\u0259h\u0259rind\u0259 ke\u00e7irilmi\u015f Avropa \u00e7empionat\u0131nda komanda hesab\u0131nda birinci olan yunan-Roma, s\u0259rb\u0259st v\u0259 qad\u0131n g\u00fcl\u0259\u015fi \u00fczr\u0259 medal qazanan idman\u00e7\u0131lar\u0131 v\u0259 onlar\u0131n m\u0259\u015fq\u00e7il\u0259rini q\u0259bul edib.<\/p>\n<p data-start=\"478\" data-end=\"742\">M\u0259lumata g\u00f6r\u0259, d\u00f6vl\u0259t ba\u015f\u00e7\u0131s\u0131 g\u00f6r\u00fc\u015fd\u0259 \u00e7\u0131x\u0131\u015f ed\u0259r\u0259k milli komandan\u0131 b\u00f6y\u00fck q\u0259l\u0259b\u0259 m\u00fcnasib\u0259til\u0259 t\u0259brik edib v\u0259 bu u\u011furun b\u00fct\u00fcn xalqda q\u00fcrur hissi do\u011furdu\u011funu bildirib. Prezident qeyd edib ki, Az\u0259rbaycan g\u00fcl\u0259\u015f\u00e7il\u0259ri bir daha Avropada lider olduqlar\u0131n\u0131 s\u00fcbut edibl\u0259r.<\/p>\n<p data-start=\"744\" data-end=\"1055\">\u0130lham \u018fliyev vur\u011fulay\u0131b ki, haz\u0131rda h\u0259m Avropa, h\u0259m d\u0259 d\u00fcnya miqyas\u0131nda g\u00fcl\u0259\u015fd\u0259 r\u0259qab\u0259t xeyli g\u00fccl\u0259nib v\u0259 bel\u0259 \u015f\u0259raitd\u0259 komanda hesab\u0131nda birinci olmaq x\u00fcsusi \u0259h\u0259miyy\u0259t da\u015f\u0131y\u0131r. Onun s\u00f6zl\u0259rin\u0259 g\u00f6r\u0259, Az\u0259rbaycan idman\u00e7\u0131lar\u0131 yar\u0131\u015flarda pe\u015f\u0259karl\u0131q n\u00fcmayi\u015f etdir\u0259r\u0259k r\u0259qibl\u0259rini \u0259dal\u0259tli m\u00fcbariz\u0259d\u0259 m\u0259\u011flub edibl\u0259r.<\/p>\n<p data-start=\"1057\" data-end=\"1279\">D\u00f6vl\u0259t ba\u015f\u00e7\u0131s\u0131 g\u00fcl\u0259\u015fin \u00f6lk\u0259d\u0259 d\u0259rin \u0259n\u0259n\u0259l\u0259r\u0259 malik oldu\u011funu, bu \u0259n\u0259n\u0259l\u0259rin u\u011furla davam etdirildiyini v\u0259 g\u0259nc idman\u00e7\u0131lar\u0131n da y\u00fcks\u0259k n\u0259tic\u0259l\u0259r g\u00f6st\u0259rm\u0259sinin d\u00fczg\u00fcn m\u0259\u015fq v\u0259 seleksiya sistemind\u0259n x\u0259b\u0259r verdiyini bildirib.<\/p>\n<p data-start=\"1281\" data-end=\"1486\">Prezident h\u0259m\u00e7inin qeyd edib ki, beyn\u0259lxalq yar\u0131\u015flarda Az\u0259rbaycan\u0131n bayra\u011f\u0131n\u0131n ucald\u0131lmas\u0131 c\u0259miyy\u0259td\u0259 b\u00f6y\u00fck sevinc yarad\u0131r v\u0259 bu u\u011furlar g\u0259nc n\u0259slin v\u0259t\u0259np\u0259rv\u0259rlik ruhunda t\u0259rbiy\u0259sind\u0259 m\u00fch\u00fcm rol oynay\u0131r.<\/p>\n<p data-start=\"1488\" data-end=\"1851\">\u0130lham \u018fliyev federasiyan\u0131n f\u0259aliyy\u0259tin\u0259 d\u0259 toxunaraq bildirib ki, Olimpiya \u00e7empionlar\u0131n\u0131n v\u0259 tan\u0131nm\u0131\u015f idman\u00e7\u0131lar\u0131n idar\u0259\u00e7ilikd\u0259 v\u0259 m\u0259\u015fq\u00e7i hey\u0259tind\u0259 t\u0259msil olunmas\u0131 u\u011furlar\u0131n davaml\u0131l\u0131\u011f\u0131n\u0131 t\u0259min edir. O, b\u00f6lg\u0259l\u0259rd\u0259 idman\u0131n inki\u015faf\u0131, Olimpiya idman kompleksl\u0259rinin v\u0259 g\u00fcl\u0259\u015f zallar\u0131n\u0131n f\u0259aliyy\u0259tinin g\u0259l\u0259c\u0259k nailiyy\u0259tl\u0259rin \u0259sas\u0131n\u0131 t\u0259\u015fkil etdiyini diqq\u0259t\u0259 \u00e7atd\u0131r\u0131b.<\/p>\n<p data-start=\"1853\" data-end=\"2105\">D\u00f6vl\u0259t ba\u015f\u00e7\u0131s\u0131 Az\u0259rbaycan\u0131n beyn\u0259lxalq idman yar\u0131\u015flar\u0131na ev sahibliyi t\u0259cr\u00fcb\u0259sinin d\u0259 y\u00fcks\u0259k oldu\u011funu qeyd ed\u0259r\u0259k <span class=\"hover:entity-accent entity-underline inline cursor-pointer align-baseline\"><span class=\"whitespace-normal\">Avropa Oyunlar\u0131<\/span><\/span> v\u0259 <span class=\"hover:entity-accent entity-underline inline cursor-pointer align-baseline\"><span class=\"whitespace-normal\">\u0130slam H\u0259mr\u0259yliyi Oyunlar\u0131<\/span><\/span> kimi m\u00f6t\u0259b\u0259r t\u0259dbirl\u0259rin u\u011furla ke\u00e7irildiyini xat\u0131rlad\u0131b.<\/p>\n<p data-start=\"2107\" data-end=\"2395\">Daha sonra idman\u00e7\u0131lar \u00e7\u0131x\u0131\u015f ed\u0259r\u0259k g\u00f6st\u0259ril\u0259n diqq\u0259t v\u0259 qay\u011f\u0131ya g\u00f6r\u0259 Prezident\u0259 t\u0259\u015f\u0259kk\u00fcrl\u0259rini bildiribl\u0259r. S\u0259rb\u0259st g\u00fcl\u0259\u015f\u00e7i <span class=\"hover:entity-accent entity-underline inline cursor-pointer align-baseline\"><span class=\"whitespace-normal\">Turan Bayramov<\/span><\/span> komandan\u0131n ard\u0131c\u0131l ikinci d\u0259f\u0259 Avropa \u00e7empionu oldu\u011funu vur\u011fulay\u0131b v\u0259 g\u0259l\u0259c\u0259kd\u0259 daha b\u00f6y\u00fck u\u011furlar qazanacaqlar\u0131n\u0131 bildirib.<\/p>\n<p data-start=\"2397\" data-end=\"2606\">Yunan-Roma g\u00fcl\u0259\u015f\u00e7isi <span class=\"hover:entity-accent entity-underline inline cursor-pointer align-baseline\"><span class=\"whitespace-normal\">H\u0259sr\u0259t C\u0259f\u0259rov<\/span><\/span> \u00e7empionatda qazand\u0131\u011f\u0131 q\u0131z\u0131l medal\u0131n karyeras\u0131nda d\u00f6rd\u00fcnc\u00fc oldu\u011funu qeyd ed\u0259r\u0259k, bu n\u0259tic\u0259 il\u0259 Az\u0259rbaycan g\u00fcl\u0259\u015f tarixind\u0259 rekord \u0259ld\u0259 etdiyini deyib.<\/p>\n<p data-start=\"2608\" data-end=\"2821\">Qad\u0131n g\u00fcl\u0259\u015f\u00e7i <span class=\"hover:entity-accent entity-underline inline cursor-pointer align-baseline\"><span class=\"whitespace-normal\">Jal\u0259 \u018fliyeva<\/span><\/span> is\u0259 b\u00f6y\u00fckl\u0259r aras\u0131nda ilk Avropa m\u00fckafat\u0131n\u0131 qazand\u0131\u011f\u0131n\u0131 bildir\u0259r\u0259k, d\u00f6vl\u0259t t\u0259r\u0259find\u0259n g\u00f6st\u0259ril\u0259n diqq\u0259tin idman\u00e7\u0131lar \u00fc\u00e7\u00fcn b\u00f6y\u00fck motivasiya oldu\u011funu vur\u011fulay\u0131b.<\/p>\n<p data-start=\"2823\" data-end=\"3016\" data-is-last-node=\"\" data-is-only-node=\"\">Sonda Prezident \u0130lham \u018fliyev idman\u00e7\u0131lar\u0131 bir daha t\u0259brik edib, onlar\u0131n h\u0259m yar\u0131\u015flarda, h\u0259m d\u0259 g\u00fcnd\u0259lik h\u0259yatda n\u00fcmun\u0259vi davran\u0131\u015f s\u0259rgil\u0259m\u0259sinin vacibliyini qeyd ed\u0259r\u0259k yeni q\u0259l\u0259b\u0259l\u0259r arzulay\u0131b.<\/p>\n<\/div>\n<\/div>\n<\/div>\n<\/div>\n<\/div>\n<\/div>\n<\/section>\n<\/div>\n<\/div>\n<p><img loading=\"lazy\" decoding=\"async\" class=\"\" title=\"\" src=\"https:\/\/qafqazinfo.az\/uploads\/1777537028\/pr1.jpg\" alt=\"\" width=\"350\" height=\"232\" \/><br \/>\n<img loading=\"lazy\" decoding=\"async\" class=\"\" title=\"\" src=\"https:\/\/qafqazinfo.az\/uploads\/1777537092\/prr.jpg\" alt=\"\" width=\"350\" height=\"233\" \/><br \/>\n<img loading=\"lazy\" decoding=\"async\" class=\"\" title=\"\" src=\"https:\/\/qafqazinfo.az\/uploads\/1777537028\/pr2.jpg\" alt=\"\" width=\"350\" height=\"233\" \/><br \/>\n<img loading=\"lazy\" decoding=\"async\" class=\"\" title=\"\" src=\"https:\/\/qafqazinfo.az\/uploads\/1777537028\/pr3.jpg\" alt=\"\" width=\"350\" height=\"302\" \/><\/p>\n<p><img loading=\"lazy\" decoding=\"async\" class=\"\" title=\"\" src=\"https:\/\/qafqazinfo.az\/uploads\/1777537028\/pr5.jpg\" alt=\"\" width=\"349\" height=\"232\" \/><br \/>\n<img loading=\"lazy\" decoding=\"async\" class=\"\" title=\"\" src=\"https:\/\/qafqazinfo.az\/uploads\/1777537028\/pr6.jpg\" alt=\"\" width=\"350\" height=\"227\" \/><br \/>\n<img loading=\"lazy\" decoding=\"async\" class=\"\" title=\"\" src=\"https:\/\/qafqazinfo.az\/uploads\/1777537028\/pr7.jpg\" alt=\"\" width=\"351\" height=\"351\" \/><br \/>\n<img loading=\"lazy\" decoding=\"async\" class=\"\" title=\"\" src=\"https:\/\/qafqazinfo.az\/uploads\/1777537028\/pr8.jpg\" alt=\"\" width=\"350\" height=\"233\" \/><br \/>\n<img loading=\"lazy\" decoding=\"async\" class=\"\" title=\"\" src=\"https:\/\/qafqazinfo.az\/uploads\/1777537028\/pr9.jpg\" alt=\"\" width=\"349\" height=\"231\" \/><br \/>\n<img loading=\"lazy\" decoding=\"async\" class=\"\" title=\"\" src=\"https:\/\/qafqazinfo.az\/uploads\/1777537028\/pr10.jpg\" alt=\"\" width=\"350\" height=\"240\" \/><br \/>\n<img loading=\"lazy\" decoding=\"async\" class=\"\" title=\"\" src=\"https:\/\/qafqazinfo.az\/uploads\/1777537028\/pr11.jpg\" alt=\"\" width=\"350\" height=\"233\" \/><br \/>\n<img loading=\"lazy\" decoding=\"async\" class=\"\" title=\"\" src=\"https:\/\/qafqazinfo.az\/uploads\/1777537028\/pr12.jpg\" alt=\"\" width=\"350\" height=\"233\" \/><br \/>\n<img loading=\"lazy\" decoding=\"async\" class=\"\" title=\"\" src=\"https:\/\/qafqazinfo.az\/uploads\/1777537028\/pr13.jpg\" alt=\"\" width=\"350\" height=\"239\" \/><br \/>\n<img loading=\"lazy\" decoding=\"async\" class=\"\" title=\"\" src=\"https:\/\/qafqazinfo.az\/uploads\/1777537028\/pr14.jpg\" alt=\"\" width=\"350\" height=\"257\" \/><br \/>\n<img loading=\"lazy\" decoding=\"async\" class=\"\" title=\"\" src=\"https:\/\/qafqazinfo.az\/uploads\/1777537028\/pr15.jpg\" alt=\"\" width=\"346\" height=\"229\" \/><br \/>\n<img loading=\"lazy\" decoding=\"async\" class=\"\" title=\"\" src=\"https:\/\/qafqazinfo.az\/uploads\/1777537028\/pr16.jpg\" alt=\"\" width=\"350\" height=\"240\" \/><br \/>\n<img loading=\"lazy\" decoding=\"async\" class=\"\" title=\"\" src=\"https:\/\/qafqazinfo.az\/uploads\/1777537028\/pr17.jpg\" alt=\"\" width=\"351\" height=\"257\" \/><br \/>\n<img loading=\"lazy\" decoding=\"async\" class=\"\" title=\"\" src=\"https:\/\/qafqazinfo.az\/uploads\/1777537028\/pr18.jpg\" alt=\"\" width=\"350\" height=\"250\" \/><br \/>\n<img loading=\"lazy\" decoding=\"async\" class=\"\" title=\"\" src=\"https:\/\/qafqazinfo.az\/uploads\/1777537028\/pr19.jpg\" alt=\"\" width=\"349\" height=\"225\" \/><br \/>\n<img loading=\"lazy\" decoding=\"async\" class=\"\" title=\"\" src=\"https:\/\/qafqazinfo.az\/uploads\/1777537028\/pr20.jpg\" alt=\"\" width=\"350\" height=\"243\" \/><br \/>\n<img loading=\"lazy\" decoding=\"async\" class=\"\" title=\"\" src=\"https:\/\/qafqazinfo.az\/uploads\/1777537028\/pr21.jpg\" alt=\"\" width=\"350\" height=\"234\" \/><br \/>\n<img loading=\"lazy\" decoding=\"async\" class=\"\" title=\"\" src=\"https:\/\/qafqazinfo.az\/uploads\/1777537028\/pr22.jpg\" alt=\"\" width=\"350\" height=\"233\" \/><br \/>\n<img loading=\"lazy\" decoding=\"async\" class=\"\" title=\"\" src=\"https:\/\/qafqazinfo.az\/uploads\/1777537028\/pr23.jpg\" alt=\"\" width=\"353\" height=\"207\" \/><br \/>\n<img loading=\"lazy\" decoding=\"async\" class=\"\" title=\"\" src=\"https:\/\/qafqazinfo.az\/uploads\/1777537028\/pr24.jpg\" alt=\"\" width=\"349\" height=\"236\" \/><br \/>\n<img loading=\"lazy\" decoding=\"async\" class=\"\" title=\"\" src=\"https:\/\/qafqazinfo.az\/uploads\/1777537028\/pr25.jpg\" alt=\"\" width=\"350\" height=\"260\" \/><br \/>\n<img loading=\"lazy\" decoding=\"async\" class=\"\" title=\"\" src=\"https:\/\/qafqazinfo.az\/uploads\/1777537028\/pr26.jpg\" alt=\"\" width=\"350\" height=\"236\" \/><\/p>\n<\/div>\n<div id=\"mvp-content-bot\" class=\"left\"><\/div>\n<\/div>\n<div>\n<div id=\"23284476078\"><\/div>\n<\/div>\n<p>&nbsp;<\/p>\n","protected":false},"excerpt":{"rendered":"<p>&nbsp; Az\u0259rbaycan.media x\u0259b\u0259r verir ki, Az\u0259rbaycan Respublikas\u0131n\u0131n Prezidenti \u0130lham \u018fliyev Albaniyan\u0131n paytaxt\u0131 Tirana \u015f\u0259h\u0259rind\u0259 ke\u00e7irilmi\u015f Avropa \u00e7empionat\u0131nda komanda hesab\u0131nda birinci olan yunan-Roma, s\u0259rb\u0259st v\u0259 qad\u0131n g\u00fcl\u0259\u015fi \u00fczr\u0259 medal qazanan idman\u00e7\u0131lar\u0131&hellip; <\/p>\n","protected":false},"author":537,"featured_media":77284,"comment_status":"closed","ping_status":"closed","sticky":false,"template":"","format":"standard","meta":{"footnotes":""},"categories":[60,1],"tags":[],"class_list":["post-77283","post","type-post","status-publish","format-standard","has-post-thumbnail","hentry","category-idman","category-manset"],"_links":{"self":[{"href":"https:\/\/azerbaycan.media\/index.php?rest_route=\/wp\/v2\/posts\/77283","targetHints":{"allow":["GET"]}}],"collection":[{"href":"https:\/\/azerbaycan.media\/index.php?rest_route=\/wp\/v2\/posts"}],"about":[{"href":"https:\/\/azerbaycan.media\/index.php?rest_route=\/wp\/v2\/types\/post"}],"author":[{"embeddable":true,"href":"https:\/\/azerbaycan.media\/index.php?rest_route=\/wp\/v2\/users\/537"}],"replies":[{"embeddable":true,"href":"https:\/\/azerbaycan.media\/index.php?rest_route=%2Fwp%2Fv2%2Fcomments&post=77283"}],"version-history":[{"count":2,"href":"https:\/\/azerbaycan.media\/index.php?rest_route=\/wp\/v2\/posts\/77283\/revisions"}],"predecessor-version":[{"id":77286,"href":"https:\/\/azerbaycan.media\/index.php?rest_route=\/wp\/v2\/posts\/77283\/revisions\/77286"}],"wp:featuredmedia":[{"embeddable":true,"href":"https:\/\/azerbaycan.media\/index.php?rest_route=\/wp\/v2\/media\/77284"}],"wp:attachment":[{"href":"https:\/\/azerbaycan.media\/index.php?rest_route=%2Fwp%2Fv2%2Fmedia&parent=77283"}],"wp:term":[{"taxonomy":"category","embeddable":true,"href":"https:\/\/azerbaycan.media\/index.php?rest_route=%2Fwp%2Fv2%2Fcategories&post=77283"},{"taxonomy":"post_tag","embeddable":true,"href":"https:\/\/azerbaycan.media\/index.php?rest_route=%2Fwp%2Fv2%2Ftags&post=77283"}],"curies":[{"name":"wp","href":"https:\/\/api.w.org\/{rel}","templated":true}]}}