{"id":77279,"date":"2026-04-30T12:44:47","date_gmt":"2026-04-30T08:44:47","guid":{"rendered":"https:\/\/azerbaycan.media\/?p=77279"},"modified":"2026-04-30T12:44:47","modified_gmt":"2026-04-30T08:44:47","slug":"nizami-yaxinliginda-tikil%c9%99c%c9%99k-b5-stansiyasi-il%c9%99-bagli-mubahis%c9%99-r%c9%99smi-qurumdan-cavab","status":"publish","type":"post","link":"https:\/\/azerbaycan.media\/?p=77279","title":{"rendered":"Nizami\u201d yax\u0131nl\u0131\u011f\u0131nda tikil\u0259c\u0259k B5 stansiyas\u0131 il\u0259 ba\u011fl\u0131 m\u00fcbahis\u0259 \u2013 r\u0259smi qurumdan cavab"},"content":{"rendered":"<p><strong>Az\u0259rbaycan.media<\/strong> x\u0259b\u0259r verir ki, Bak\u0131da \u201cNizami\u201d metrostansiyas\u0131 yax\u0131nl\u0131\u011f\u0131nda planla\u015fd\u0131r\u0131lan B5 stansiyas\u0131n\u0131n tikintisi il\u0259 ba\u011fl\u0131 s\u0259sl\u0259ndiril\u0259n t\u0259nqidl\u0259r\u0259 Bak\u0131 Metropoliteni QSC m\u00fcnasib\u0259t bildirib.<br \/>\nM\u0259lumata g\u00f6r\u0259, h\u00fcquq\u015f\u00fcnas Sahib M\u0259mm\u0259dov layih\u0259ni t\u0259nqid ed\u0259r\u0259k \u0259razinin hidrogeoloji bax\u0131mdan uy\u011fun olmad\u0131\u011f\u0131n\u0131 v\u0259 yeralt\u0131 sular\u0131n aktiv zonas\u0131nda yerl\u0259\u015fdiyini qeyd edib. O, h\u0259m\u00e7inin layih\u0259nin \u00e7ox baha ba\u015fa g\u0259l\u0259c\u0259yini v\u0259 alternativ olaraq bir ne\u00e7\u0259 stansiyan\u0131n tikilm\u0259sinin daha m\u0259qs\u0259d\u0259uy\u011fun oldu\u011funu vur\u011fulay\u0131b.<br \/>\nBak\u0131 Metropoliteni bildirib ki, layih\u0259l\u0259ndirm\u0259 zaman\u0131 \u0259razinin m\u00fcr\u0259kk\u0259b geoloji x\u00fcsusiyy\u0259tl\u0259ri, d\u0259rinlik g\u00f6st\u0259ricil\u0259ri v\u0259 dig\u0259r m\u00fch\u00fcm amill\u0259r \u0259trafl\u0131 \u015f\u0259kild\u0259 n\u0259z\u0259r\u0259 al\u0131n\u0131b, b\u00fct\u00fcn riskl\u0259r qiym\u0259tl\u0259ndirilib.<br \/>\nQurum qeyd edib ki, \u201cNizami\u201328 May\u201d x\u0259ttinin uzunm\u00fcdd\u0259tli istismar t\u0259cr\u00fcb\u0259si d\u0259 t\u0259hlil olunub v\u0259 tikinti zaman\u0131 m\u00fcasir, t\u0259hl\u00fck\u0259siz texnologiyalardan istifad\u0259 edil\u0259c\u0259k. Bildirilib ki, yeni stansiya s\u0259rni\u015fin ax\u0131n\u0131n\u0131n daha effektiv t\u0259nziml\u0259nm\u0259sin\u0259, n\u0259qliyyat inteqrasiyas\u0131n\u0131n geni\u015fl\u0259nm\u0259sin\u0259 v\u0259 x\u00fcsusil\u0259 \u201cNizami\u201d stansiyas\u0131nda \u0259lav\u0259 \u00e7\u0131x\u0131\u015f\u0131n yarad\u0131lmas\u0131na imkan ver\u0259c\u0259k.<br \/>\nEyni zamanda, B5 stansiyas\u0131n\u0131n tikinti d\u0259y\u0259ri il\u0259 ba\u011fl\u0131 suala konkret cavab verilm\u0259yib.<br \/>\nQeyd ed\u0259k ki, d\u00f6vl\u0259t proqram\u0131na \u0259sas\u0259n, 2030-cu il\u0259 q\u0259d\u0259r Nizami metro stansiyas\u0131 yax\u0131nl\u0131\u011f\u0131nda, M\u0259rk\u0259zi Park\u0131n alt\u0131nda yerl\u0259\u015f\u0259c\u0259k B5 stansiyas\u0131n\u0131n in\u015fas\u0131 planla\u015fd\u0131r\u0131l\u0131r.<\/p>\n","protected":false},"excerpt":{"rendered":"<p>Az\u0259rbaycan.media x\u0259b\u0259r verir ki, Bak\u0131da \u201cNizami\u201d metrostansiyas\u0131 yax\u0131nl\u0131\u011f\u0131nda planla\u015fd\u0131r\u0131lan B5 stansiyas\u0131n\u0131n tikintisi il\u0259 ba\u011fl\u0131 s\u0259sl\u0259ndiril\u0259n t\u0259nqidl\u0259r\u0259 Bak\u0131 Metropoliteni QSC m\u00fcnasib\u0259t bildirib. M\u0259lumata g\u00f6r\u0259, h\u00fcquq\u015f\u00fcnas Sahib M\u0259mm\u0259dov layih\u0259ni t\u0259nqid ed\u0259r\u0259k \u0259razinin&hellip; <\/p>\n","protected":false},"author":537,"featured_media":77280,"comment_status":"closed","ping_status":"closed","sticky":false,"template":"","format":"standard","meta":{"footnotes":""},"categories":[75],"tags":[],"class_list":["post-77279","post","type-post","status-publish","format-standard","has-post-thumbnail","hentry","category-xbrlr"],"_links":{"self":[{"href":"https:\/\/azerbaycan.media\/index.php?rest_route=\/wp\/v2\/posts\/77279","targetHints":{"allow":["GET"]}}],"collection":[{"href":"https:\/\/azerbaycan.media\/index.php?rest_route=\/wp\/v2\/posts"}],"about":[{"href":"https:\/\/azerbaycan.media\/index.php?rest_route=\/wp\/v2\/types\/post"}],"author":[{"embeddable":true,"href":"https:\/\/azerbaycan.media\/index.php?rest_route=\/wp\/v2\/users\/537"}],"replies":[{"embeddable":true,"href":"https:\/\/azerbaycan.media\/index.php?rest_route=%2Fwp%2Fv2%2Fcomments&post=77279"}],"version-history":[{"count":2,"href":"https:\/\/azerbaycan.media\/index.php?rest_route=\/wp\/v2\/posts\/77279\/revisions"}],"predecessor-version":[{"id":77282,"href":"https:\/\/azerbaycan.media\/index.php?rest_route=\/wp\/v2\/posts\/77279\/revisions\/77282"}],"wp:featuredmedia":[{"embeddable":true,"href":"https:\/\/azerbaycan.media\/index.php?rest_route=\/wp\/v2\/media\/77280"}],"wp:attachment":[{"href":"https:\/\/azerbaycan.media\/index.php?rest_route=%2Fwp%2Fv2%2Fmedia&parent=77279"}],"wp:term":[{"taxonomy":"category","embeddable":true,"href":"https:\/\/azerbaycan.media\/index.php?rest_route=%2Fwp%2Fv2%2Fcategories&post=77279"},{"taxonomy":"post_tag","embeddable":true,"href":"https:\/\/azerbaycan.media\/index.php?rest_route=%2Fwp%2Fv2%2Ftags&post=77279"}],"curies":[{"name":"wp","href":"https:\/\/api.w.org\/{rel}","templated":true}]}}