{"id":77275,"date":"2026-04-30T12:40:25","date_gmt":"2026-04-30T08:40:25","guid":{"rendered":"https:\/\/azerbaycan.media\/?p=77275"},"modified":"2026-04-30T12:40:25","modified_gmt":"2026-04-30T08:40:25","slug":"iran-r%c9%99smisi-abs-in-blokadasi-neftin-qiym%c9%99tini-140-dollara-catdira-bil%c9%99r","status":"publish","type":"post","link":"https:\/\/azerbaycan.media\/?p=77275","title":{"rendered":"\u0130ran r\u0259smisi: AB\u015e-\u0131n blokadas\u0131 neftin qiym\u0259tini 140 dollara \u00e7atd\u0131ra bil\u0259r"},"content":{"rendered":"<p><strong>Az\u0259rbaycan.media<\/strong> x\u0259b\u0259r verir ki, \u0130ran parlamentinin s\u0259dri M\u0259h\u0259mm\u0259d Baqer Qalibaf AB\u015e-\u0131n \u0130rana qar\u015f\u0131 m\u00fcmk\u00fcn d\u0259niz blokadas\u0131n\u0131n qlobal enerji bazar\u0131na ciddi t\u0259sir g\u00f6st\u0259r\u0259 bil\u0259c\u0259yini bildirib.<br \/>\nQalibaf qeyd edib ki, bel\u0259 bir siyas\u0259t h\u0259yata ke\u00e7iril\u0259rs\u0259, neftin qiym\u0259ti bir barel \u00fc\u00e7\u00fcn 140 dollara q\u0259d\u0259r y\u00fcks\u0259l\u0259 bil\u0259r.<br \/>\nOnun s\u00f6zl\u0259rin\u0259 g\u00f6r\u0259, AB\u015e administrasiyas\u0131 bu istiqam\u0259td\u0259 yanl\u0131\u015f m\u0259sl\u0259h\u0259tl\u0259r al\u0131r v\u0259 bu siyas\u0259t art\u0131q qiym\u0259tl\u0259rin 120 dollardan yuxar\u0131 qalxmas\u0131na s\u0259b\u0259b olub. O bildirib ki, \u201cn\u00f6vb\u0259ti dayanacaq 140 dollard\u0131r\u201d.<br \/>\n\u0130ran r\u0259smisi \u0259lav\u0259 edib ki, problemin k\u00f6k\u00fc konkret q\u0259rarlarda deyil, AB\u015e-\u0131n \u00fcmumi yana\u015fmas\u0131ndad\u0131r v\u0259 bu siyas\u0259t qlobal bazarlarda \u0259lav\u0259 g\u0259rginlik yarada bil\u0259r.<\/p>\n","protected":false},"excerpt":{"rendered":"<p>Az\u0259rbaycan.media x\u0259b\u0259r verir ki, \u0130ran parlamentinin s\u0259dri M\u0259h\u0259mm\u0259d Baqer Qalibaf AB\u015e-\u0131n \u0130rana qar\u015f\u0131 m\u00fcmk\u00fcn d\u0259niz blokadas\u0131n\u0131n qlobal enerji bazar\u0131na ciddi t\u0259sir g\u00f6st\u0259r\u0259 bil\u0259c\u0259yini bildirib. Qalibaf qeyd edib ki, bel\u0259 bir&hellip; <\/p>\n","protected":false},"author":537,"featured_media":77276,"comment_status":"closed","ping_status":"closed","sticky":false,"template":"","format":"standard","meta":{"footnotes":""},"categories":[55],"tags":[],"class_list":["post-77275","post","type-post","status-publish","format-standard","has-post-thumbnail","hentry","category-dunya"],"_links":{"self":[{"href":"https:\/\/azerbaycan.media\/index.php?rest_route=\/wp\/v2\/posts\/77275","targetHints":{"allow":["GET"]}}],"collection":[{"href":"https:\/\/azerbaycan.media\/index.php?rest_route=\/wp\/v2\/posts"}],"about":[{"href":"https:\/\/azerbaycan.media\/index.php?rest_route=\/wp\/v2\/types\/post"}],"author":[{"embeddable":true,"href":"https:\/\/azerbaycan.media\/index.php?rest_route=\/wp\/v2\/users\/537"}],"replies":[{"embeddable":true,"href":"https:\/\/azerbaycan.media\/index.php?rest_route=%2Fwp%2Fv2%2Fcomments&post=77275"}],"version-history":[{"count":2,"href":"https:\/\/azerbaycan.media\/index.php?rest_route=\/wp\/v2\/posts\/77275\/revisions"}],"predecessor-version":[{"id":77278,"href":"https:\/\/azerbaycan.media\/index.php?rest_route=\/wp\/v2\/posts\/77275\/revisions\/77278"}],"wp:featuredmedia":[{"embeddable":true,"href":"https:\/\/azerbaycan.media\/index.php?rest_route=\/wp\/v2\/media\/77276"}],"wp:attachment":[{"href":"https:\/\/azerbaycan.media\/index.php?rest_route=%2Fwp%2Fv2%2Fmedia&parent=77275"}],"wp:term":[{"taxonomy":"category","embeddable":true,"href":"https:\/\/azerbaycan.media\/index.php?rest_route=%2Fwp%2Fv2%2Fcategories&post=77275"},{"taxonomy":"post_tag","embeddable":true,"href":"https:\/\/azerbaycan.media\/index.php?rest_route=%2Fwp%2Fv2%2Ftags&post=77275"}],"curies":[{"name":"wp","href":"https:\/\/api.w.org\/{rel}","templated":true}]}}