{"id":77271,"date":"2026-04-30T12:36:51","date_gmt":"2026-04-30T08:36:51","guid":{"rendered":"https:\/\/azerbaycan.media\/?p=77271"},"modified":"2026-04-30T12:36:51","modified_gmt":"2026-04-30T08:36:51","slug":"sabah-hava-nec%c9%99-olacaq-temperatur-25-d%c9%99r%c9%99c%c9%99y%c9%99-catacaq","status":"publish","type":"post","link":"https:\/\/azerbaycan.media\/?p=77271","title":{"rendered":"Sabah hava nec\u0259 olacaq? \u2013 Temperatur 25 d\u0259r\u0259c\u0259y\u0259 \u00e7atacaq"},"content":{"rendered":"<p><strong>Az\u0259rbaycan.media<\/strong> x\u0259b\u0259r verir ki, may\u0131n 1-d\u0259 \u00f6lk\u0259 \u0259razisind\u0259 \u0259sas\u0259n m\u00fclayim v\u0259 nisb\u0259t\u0259n isti hava \u015f\u0259raiti g\u00f6zl\u0259nilir.<br \/>\nAPA-n\u0131n m\u0259lumat\u0131na g\u00f6r\u0259, Milli Hidrometeorologiya Xidm\u0259ti bildirib ki, Bak\u0131da v\u0259 Ab\u015feron yar\u0131madas\u0131nda hava d\u0259yi\u015fk\u0259n buludlu olacaq, \u0259sas\u0259n ya\u011fmursuz ke\u00e7\u0259c\u0259k. Lakin gec\u0259 b\u0259zi \u0259razil\u0259rd\u0259 q\u0131sam\u00fcdd\u0259tli z\u0259if ya\u011f\u0131\u015f ehtimal\u0131 var. M\u00fclayim c\u0259nub-\u015f\u0259rq k\u00fcl\u0259yi \u0259s\u0259c\u0259k.<br \/>\nPaytaxtda temperatur gec\u0259 8-12\u00b0, g\u00fcnd\u00fcz is\u0259 15-19\u00b0 isti t\u0259\u015fkil ed\u0259c\u0259k.<br \/>\nRegionlarda is\u0259 hava \u0259sas\u0259n ya\u011fmursuz olacaq, lakin b\u0259zi da\u011fl\u0131q \u0259razil\u0259rd\u0259 g\u00fcnd\u00fcz saatlar\u0131nda q\u0131sam\u00fcdd\u0259tli ya\u011f\u0131\u015f, \u015fim\u015f\u0259k v\u0259 dolu ehtimal edilir. Ayr\u0131-ayr\u0131 yerl\u0259rd\u0259 duman m\u00fc\u015fahid\u0259 oluna bil\u0259r.<br \/>\nHavan\u0131n temperaturu rayonlarda gec\u0259 7-12\u00b0, g\u00fcnd\u00fcz 20-25\u00b0 isti, da\u011fl\u0131q \u0259razil\u0259rd\u0259 is\u0259 gec\u0259 3-8\u00b0, g\u00fcnd\u00fcz 13-18\u00b0 isti olacaq.<\/p>\n","protected":false},"excerpt":{"rendered":"<p>Az\u0259rbaycan.media x\u0259b\u0259r verir ki, may\u0131n 1-d\u0259 \u00f6lk\u0259 \u0259razisind\u0259 \u0259sas\u0259n m\u00fclayim v\u0259 nisb\u0259t\u0259n isti hava \u015f\u0259raiti g\u00f6zl\u0259nilir. APA-n\u0131n m\u0259lumat\u0131na g\u00f6r\u0259, Milli Hidrometeorologiya Xidm\u0259ti bildirib ki, Bak\u0131da v\u0259 Ab\u015feron yar\u0131madas\u0131nda hava d\u0259yi\u015fk\u0259n&hellip; <\/p>\n","protected":false},"author":537,"featured_media":77152,"comment_status":"closed","ping_status":"closed","sticky":false,"template":"","format":"standard","meta":{"footnotes":""},"categories":[71],"tags":[],"class_list":["post-77271","post","type-post","status-publish","format-standard","has-post-thumbnail","hentry","category-sosial"],"_links":{"self":[{"href":"https:\/\/azerbaycan.media\/index.php?rest_route=\/wp\/v2\/posts\/77271","targetHints":{"allow":["GET"]}}],"collection":[{"href":"https:\/\/azerbaycan.media\/index.php?rest_route=\/wp\/v2\/posts"}],"about":[{"href":"https:\/\/azerbaycan.media\/index.php?rest_route=\/wp\/v2\/types\/post"}],"author":[{"embeddable":true,"href":"https:\/\/azerbaycan.media\/index.php?rest_route=\/wp\/v2\/users\/537"}],"replies":[{"embeddable":true,"href":"https:\/\/azerbaycan.media\/index.php?rest_route=%2Fwp%2Fv2%2Fcomments&post=77271"}],"version-history":[{"count":2,"href":"https:\/\/azerbaycan.media\/index.php?rest_route=\/wp\/v2\/posts\/77271\/revisions"}],"predecessor-version":[{"id":77274,"href":"https:\/\/azerbaycan.media\/index.php?rest_route=\/wp\/v2\/posts\/77271\/revisions\/77274"}],"wp:featuredmedia":[{"embeddable":true,"href":"https:\/\/azerbaycan.media\/index.php?rest_route=\/wp\/v2\/media\/77152"}],"wp:attachment":[{"href":"https:\/\/azerbaycan.media\/index.php?rest_route=%2Fwp%2Fv2%2Fmedia&parent=77271"}],"wp:term":[{"taxonomy":"category","embeddable":true,"href":"https:\/\/azerbaycan.media\/index.php?rest_route=%2Fwp%2Fv2%2Fcategories&post=77271"},{"taxonomy":"post_tag","embeddable":true,"href":"https:\/\/azerbaycan.media\/index.php?rest_route=%2Fwp%2Fv2%2Ftags&post=77271"}],"curies":[{"name":"wp","href":"https:\/\/api.w.org\/{rel}","templated":true}]}}