{"id":77257,"date":"2026-04-30T11:57:32","date_gmt":"2026-04-30T07:57:32","guid":{"rendered":"https:\/\/azerbaycan.media\/?p=77257"},"modified":"2026-04-30T11:57:32","modified_gmt":"2026-04-30T07:57:32","slug":"x%c9%99z%c9%99r-d%c9%99nizind%c9%99-z%c9%99lz%c9%99l%c9%99-qeyd%c9%99-alinib","status":"publish","type":"post","link":"https:\/\/azerbaycan.media\/?p=77257","title":{"rendered":"X\u0259z\u0259r d\u0259nizind\u0259 z\u0259lz\u0259l\u0259 qeyd\u0259 al\u0131n\u0131b"},"content":{"rendered":"<p><strong>Az\u0259rbaycan.media<\/strong> x\u0259b\u0259r verir ki, X\u0259z\u0259r d\u0259nizind\u0259 z\u0259lz\u0259l\u0259 ba\u015f verib.<br \/>\nRespublika Seysmoloji Xidm\u0259t M\u0259rk\u0259zinin yayd\u0131\u011f\u0131 a\u00e7\u0131qlamada bildirilib ki, yerli vaxtla saat 03:09-da qeyd\u0259 al\u0131nan z\u0259lz\u0259l\u0259nin maqnitudas\u0131 3,4 olub.<br \/>\nQeyd olunub ki, yeralt\u0131 t\u0259kanlar\u0131n oca\u011f\u0131 20 kilometr d\u0259rinlikd\u0259 yerl\u0259\u015fib.<\/p>\n","protected":false},"excerpt":{"rendered":"<p>Az\u0259rbaycan.media x\u0259b\u0259r verir ki, X\u0259z\u0259r d\u0259nizind\u0259 z\u0259lz\u0259l\u0259 ba\u015f verib. Respublika Seysmoloji Xidm\u0259t M\u0259rk\u0259zinin yayd\u0131\u011f\u0131 a\u00e7\u0131qlamada bildirilib ki, yerli vaxtla saat 03:09-da qeyd\u0259 al\u0131nan z\u0259lz\u0259l\u0259nin maqnitudas\u0131 3,4 olub. Qeyd olunub ki,&hellip; <\/p>\n","protected":false},"author":537,"featured_media":77258,"comment_status":"closed","ping_status":"closed","sticky":false,"template":"","format":"standard","meta":{"footnotes":""},"categories":[75],"tags":[],"class_list":["post-77257","post","type-post","status-publish","format-standard","has-post-thumbnail","hentry","category-xbrlr"],"_links":{"self":[{"href":"https:\/\/azerbaycan.media\/index.php?rest_route=\/wp\/v2\/posts\/77257","targetHints":{"allow":["GET"]}}],"collection":[{"href":"https:\/\/azerbaycan.media\/index.php?rest_route=\/wp\/v2\/posts"}],"about":[{"href":"https:\/\/azerbaycan.media\/index.php?rest_route=\/wp\/v2\/types\/post"}],"author":[{"embeddable":true,"href":"https:\/\/azerbaycan.media\/index.php?rest_route=\/wp\/v2\/users\/537"}],"replies":[{"embeddable":true,"href":"https:\/\/azerbaycan.media\/index.php?rest_route=%2Fwp%2Fv2%2Fcomments&post=77257"}],"version-history":[{"count":2,"href":"https:\/\/azerbaycan.media\/index.php?rest_route=\/wp\/v2\/posts\/77257\/revisions"}],"predecessor-version":[{"id":77260,"href":"https:\/\/azerbaycan.media\/index.php?rest_route=\/wp\/v2\/posts\/77257\/revisions\/77260"}],"wp:featuredmedia":[{"embeddable":true,"href":"https:\/\/azerbaycan.media\/index.php?rest_route=\/wp\/v2\/media\/77258"}],"wp:attachment":[{"href":"https:\/\/azerbaycan.media\/index.php?rest_route=%2Fwp%2Fv2%2Fmedia&parent=77257"}],"wp:term":[{"taxonomy":"category","embeddable":true,"href":"https:\/\/azerbaycan.media\/index.php?rest_route=%2Fwp%2Fv2%2Fcategories&post=77257"},{"taxonomy":"post_tag","embeddable":true,"href":"https:\/\/azerbaycan.media\/index.php?rest_route=%2Fwp%2Fv2%2Ftags&post=77257"}],"curies":[{"name":"wp","href":"https:\/\/api.w.org\/{rel}","templated":true}]}}