{"id":77253,"date":"2026-04-30T11:32:34","date_gmt":"2026-04-30T07:32:34","guid":{"rendered":"https:\/\/azerbaycan.media\/?p=77253"},"modified":"2026-04-30T11:32:34","modified_gmt":"2026-04-30T07:32:34","slug":"az%c9%99rbaycanda-saatliq-%c9%99m%c9%99khaqqi-sistemi-daha-tez-t%c9%99tbiq-oluna-bil%c9%99r","status":"publish","type":"post","link":"https:\/\/azerbaycan.media\/?p=77253","title":{"rendered":"Az\u0259rbaycanda saatl\u0131q \u0259m\u0259khaqq\u0131 sistemi daha tez t\u0259tbiq oluna bil\u0259r"},"content":{"rendered":"<p><strong>Az\u0259rbaycan.media<\/strong> x\u0259b\u0259r verir ki, \u00f6lk\u0259d\u0259 saatl\u0131q \u0259m\u0259khaqq\u0131 sistemin\u0259 ke\u00e7id g\u00f6zl\u0259nil\u0259nd\u0259n daha q\u0131sa m\u00fcdd\u0259td\u0259 realla\u015fa bil\u0259r.<br \/>\n\u018fm\u0259k v\u0259 \u018fhalinin Sosial M\u00fcdafi\u0259si Nazirliyi bu istiqam\u0259td\u0259 qanunvericilik t\u0259\u015f\u0259bb\u00fcsl\u0259ri \u00fcz\u0259rind\u0259 i\u015fl\u0259yir v\u0259 art\u0131q m\u00fcvafiq t\u0259klifl\u0259r haz\u0131rlan\u0131b. \ufffd<br \/>\nmoderatoraz.az<br \/>\nM\u0259lumata \u0259sas\u0259n, saatl\u0131q \u0259m\u0259khaqq\u0131 modelinin t\u0259tbiqi \u0259m\u0259k bazar\u0131nda daha \u00e7evik v\u0259 \u0259dal\u0259tli \u00f6d\u0259ni\u015f sisteminin formala\u015fmas\u0131na xidm\u0259t ed\u0259c\u0259k. Bu sistemd\u0259 i\u015f\u00e7il\u0259rin maa\u015f\u0131 i\u015fl\u0259dikl\u0259ri saatlara uy\u011fun hesablanacaq ki, bu da x\u00fcsusil\u0259 q\u0131sam\u00fcdd\u0259tli v\u0259 ya natamam i\u015f rejimind\u0259 \u00e7al\u0131\u015fanlar \u00fc\u00e7\u00fcn \u0259lveri\u015fli hesab olunur.<br \/>\nEkspertl\u0259r bildirirl\u0259r ki, yeni model t\u0259tbiq olunarsa, m\u00f6vcud minimum ayl\u0131q \u0259m\u0259khaqq\u0131 sistemi d\u0259 paralel \u015f\u0259kild\u0259 q\u00fcvv\u0259d\u0259 qala bil\u0259r. \ufffd<br \/>\nbizim.media<br \/>\nQeyd ed\u0259k ki, saatl\u0131q \u0259m\u0259khaqq\u0131 sistemi art\u0131q bir \u00e7ox inki\u015faf etmi\u015f \u00f6lk\u0259l\u0259rd\u0259 geni\u015f t\u0259tbiq olunur v\u0259 \u0259m\u0259k m\u00fcnasib\u0259tl\u0259rinin daha \u015f\u0259ffaf t\u0259nziml\u0259nm\u0259sin\u0259 imkan yarad\u0131r. Az\u0259rbaycanda da bu istiqam\u0259td\u0259 islahatlar davam etdirilir.<\/p>\n","protected":false},"excerpt":{"rendered":"<p>Az\u0259rbaycan.media x\u0259b\u0259r verir ki, \u00f6lk\u0259d\u0259 saatl\u0131q \u0259m\u0259khaqq\u0131 sistemin\u0259 ke\u00e7id g\u00f6zl\u0259nil\u0259nd\u0259n daha q\u0131sa m\u00fcdd\u0259td\u0259 realla\u015fa bil\u0259r. \u018fm\u0259k v\u0259 \u018fhalinin Sosial M\u00fcdafi\u0259si Nazirliyi bu istiqam\u0259td\u0259 qanunvericilik t\u0259\u015f\u0259bb\u00fcsl\u0259ri \u00fcz\u0259rind\u0259 i\u015fl\u0259yir v\u0259 art\u0131q m\u00fcvafiq&hellip; <\/p>\n","protected":false},"author":537,"featured_media":77254,"comment_status":"closed","ping_status":"closed","sticky":false,"template":"","format":"standard","meta":{"footnotes":""},"categories":[61],"tags":[],"class_list":["post-77253","post","type-post","status-publish","format-standard","has-post-thumbnail","hentry","category-iqtisadiyyat"],"_links":{"self":[{"href":"https:\/\/azerbaycan.media\/index.php?rest_route=\/wp\/v2\/posts\/77253","targetHints":{"allow":["GET"]}}],"collection":[{"href":"https:\/\/azerbaycan.media\/index.php?rest_route=\/wp\/v2\/posts"}],"about":[{"href":"https:\/\/azerbaycan.media\/index.php?rest_route=\/wp\/v2\/types\/post"}],"author":[{"embeddable":true,"href":"https:\/\/azerbaycan.media\/index.php?rest_route=\/wp\/v2\/users\/537"}],"replies":[{"embeddable":true,"href":"https:\/\/azerbaycan.media\/index.php?rest_route=%2Fwp%2Fv2%2Fcomments&post=77253"}],"version-history":[{"count":2,"href":"https:\/\/azerbaycan.media\/index.php?rest_route=\/wp\/v2\/posts\/77253\/revisions"}],"predecessor-version":[{"id":77256,"href":"https:\/\/azerbaycan.media\/index.php?rest_route=\/wp\/v2\/posts\/77253\/revisions\/77256"}],"wp:featuredmedia":[{"embeddable":true,"href":"https:\/\/azerbaycan.media\/index.php?rest_route=\/wp\/v2\/media\/77254"}],"wp:attachment":[{"href":"https:\/\/azerbaycan.media\/index.php?rest_route=%2Fwp%2Fv2%2Fmedia&parent=77253"}],"wp:term":[{"taxonomy":"category","embeddable":true,"href":"https:\/\/azerbaycan.media\/index.php?rest_route=%2Fwp%2Fv2%2Fcategories&post=77253"},{"taxonomy":"post_tag","embeddable":true,"href":"https:\/\/azerbaycan.media\/index.php?rest_route=%2Fwp%2Fv2%2Ftags&post=77253"}],"curies":[{"name":"wp","href":"https:\/\/api.w.org\/{rel}","templated":true}]}}