{"id":77244,"date":"2026-04-30T11:26:16","date_gmt":"2026-04-30T07:26:16","guid":{"rendered":"https:\/\/azerbaycan.media\/?p=77244"},"modified":"2026-04-30T11:26:16","modified_gmt":"2026-04-30T07:26:16","slug":"rusiyada-m%c9%99d%c9%99nd%c9%99-faci%c9%99-ucqun-altinda-qalanlar-var","status":"publish","type":"post","link":"https:\/\/azerbaycan.media\/?p=77244","title":{"rendered":"Rusiyada m\u0259d\u0259nd\u0259 faci\u0259: u\u00e7qun alt\u0131nda qalanlar var"},"content":{"rendered":"<p>Rusiyada m\u0259d\u0259nd\u0259 faci\u0259: u\u00e7qun alt\u0131nda qalanlar var<br \/>\nAz\u0259rbaycan.media x\u0259b\u0259r verir ki, Rusiyan\u0131n Maqadan vilay\u0259tind\u0259 yerl\u0259\u015f\u0259n k\u00f6m\u00fcr m\u0259d\u0259nind\u0259 ba\u015f ver\u0259n hadis\u0259 n\u0259tic\u0259sind\u0259 insanlar u\u00e7qun alt\u0131nda qal\u0131b.<br \/>\nMusavat.com-un m\u0259lumat\u0131na g\u00f6r\u0259, \u201cKad\u0131k\u00e7an\u201d k\u00f6m\u00fcr m\u0259d\u0259ninin direktoru Aleksandr Nesterovi\u00e7 bildirib ki, sel n\u0259tic\u0259sind\u0259 da\u011f s\u00fcxurlar\u0131 u\u00e7ub. Hadis\u0259nin \u0259sas s\u0259b\u0259bi \u0259razid\u0259 buzla\u011f\u0131n \u0259rim\u0259si olub.<br \/>\n\u0130lkin m\u0259lumata \u0259sas\u0259n, u\u00e7qun alt\u0131nda h\u0259m yerli sakinl\u0259r, h\u0259m d\u0259 dig\u0259r regionlardan olan \u00fcmumilikd\u0259 8 n\u0259f\u0259rin qald\u0131\u011f\u0131 ehtimal edilir.<br \/>\nHadis\u0259 yerind\u0259 operativ q\u0259rargah yarad\u0131l\u0131b, v\u0259ziyy\u0259t videog\u00f6r\u00fcnt\u00fcl\u0259r vasit\u0259sil\u0259 t\u0259hlil olunur. \u018fraziy\u0259 a\u011f\u0131r texnika, xilasedicil\u0259r v\u0259 tibbi briqadalar c\u0259lb edilib.<br \/>\nBundan \u0259lav\u0259, xilasetm\u0259 \u0259m\u0259liyyatlar\u0131 \u00fc\u00e7\u00fcn Mi-8 helicopter helikopteri d\u0259 haz\u0131r v\u0259ziyy\u0259t\u0259 g\u0259tirilib.<br \/>\nHaz\u0131rda axtar\u0131\u015f-xilasetm\u0259 i\u015fl\u0259ri davam etdirilir.<\/p>\n","protected":false},"excerpt":{"rendered":"<p>Rusiyada m\u0259d\u0259nd\u0259 faci\u0259: u\u00e7qun alt\u0131nda qalanlar var Az\u0259rbaycan.media x\u0259b\u0259r verir ki, Rusiyan\u0131n Maqadan vilay\u0259tind\u0259 yerl\u0259\u015f\u0259n k\u00f6m\u00fcr m\u0259d\u0259nind\u0259 ba\u015f ver\u0259n hadis\u0259 n\u0259tic\u0259sind\u0259 insanlar u\u00e7qun alt\u0131nda qal\u0131b. Musavat.com-un m\u0259lumat\u0131na g\u00f6r\u0259, \u201cKad\u0131k\u00e7an\u201d k\u00f6m\u00fcr&hellip; <\/p>\n","protected":false},"author":537,"featured_media":77245,"comment_status":"closed","ping_status":"closed","sticky":false,"template":"","format":"standard","meta":{"footnotes":""},"categories":[55],"tags":[],"class_list":["post-77244","post","type-post","status-publish","format-standard","has-post-thumbnail","hentry","category-dunya"],"_links":{"self":[{"href":"https:\/\/azerbaycan.media\/index.php?rest_route=\/wp\/v2\/posts\/77244","targetHints":{"allow":["GET"]}}],"collection":[{"href":"https:\/\/azerbaycan.media\/index.php?rest_route=\/wp\/v2\/posts"}],"about":[{"href":"https:\/\/azerbaycan.media\/index.php?rest_route=\/wp\/v2\/types\/post"}],"author":[{"embeddable":true,"href":"https:\/\/azerbaycan.media\/index.php?rest_route=\/wp\/v2\/users\/537"}],"replies":[{"embeddable":true,"href":"https:\/\/azerbaycan.media\/index.php?rest_route=%2Fwp%2Fv2%2Fcomments&post=77244"}],"version-history":[{"count":1,"href":"https:\/\/azerbaycan.media\/index.php?rest_route=\/wp\/v2\/posts\/77244\/revisions"}],"predecessor-version":[{"id":77246,"href":"https:\/\/azerbaycan.media\/index.php?rest_route=\/wp\/v2\/posts\/77244\/revisions\/77246"}],"wp:featuredmedia":[{"embeddable":true,"href":"https:\/\/azerbaycan.media\/index.php?rest_route=\/wp\/v2\/media\/77245"}],"wp:attachment":[{"href":"https:\/\/azerbaycan.media\/index.php?rest_route=%2Fwp%2Fv2%2Fmedia&parent=77244"}],"wp:term":[{"taxonomy":"category","embeddable":true,"href":"https:\/\/azerbaycan.media\/index.php?rest_route=%2Fwp%2Fv2%2Fcategories&post=77244"},{"taxonomy":"post_tag","embeddable":true,"href":"https:\/\/azerbaycan.media\/index.php?rest_route=%2Fwp%2Fv2%2Ftags&post=77244"}],"curies":[{"name":"wp","href":"https:\/\/api.w.org\/{rel}","templated":true}]}}