{"id":77240,"date":"2026-04-30T11:23:08","date_gmt":"2026-04-30T07:23:08","guid":{"rendered":"https:\/\/azerbaycan.media\/?p=77240"},"modified":"2026-04-30T11:23:08","modified_gmt":"2026-04-30T07:23:08","slug":"mayda-5-gun-ardicil-istirah%c9%99t-olacaq","status":"publish","type":"post","link":"https:\/\/azerbaycan.media\/?p=77240","title":{"rendered":"<span style=\"color:red\">Mayda 5 g\u00fcn ard\u0131c\u0131l istirah\u0259t olacaq<\/span>"},"content":{"rendered":"<p><span style=\"color: #ff0000;\"><strong>Az\u0259rbaycan.media<\/strong><\/span> x\u0259b\u0259r verir ki, bu il M\u00fcst\u0259qillik G\u00fcn\u00fc (28 may) v\u0259 Qurban bayram\u0131 il\u0259 \u0259laq\u0259dar v\u0259t\u0259nda\u015flar\u0131 uzunm\u00fcdd\u0259tli istirah\u0259t g\u00f6zl\u0259yir.<br \/>\n\u018fm\u0259k M\u0259c\u0259ll\u0259sin\u0259 \u0259sas\u0259n, bayram g\u00fcnl\u0259ri \u00fcst-\u00fcst\u0259 d\u00fc\u015fd\u00fckd\u0259 n\u00f6vb\u0259ti i\u015f g\u00fcn\u00fc qeyri-i\u015f g\u00fcn\u00fc elan edilir. Bu il Qurban bayram\u0131 M\u00fcst\u0259qillik G\u00fcn\u00fc il\u0259 eyni tarix\u0259 t\u0259sad\u00fcf etdiyind\u0259n, 29 may da istirah\u0259t g\u00fcn\u00fc olacaq.<br \/>\nBundan \u0259lav\u0259, 30 may \u015f\u0259nb\u0259, 31 may is\u0259 bazar g\u00fcn\u00fcn\u0259 d\u00fc\u015f\u00fcr.<br \/>\nBel\u0259likl\u0259, 27, 28, 29, 30 v\u0259 31 may tarixl\u0259rind\u0259 ard\u0131c\u0131l olaraq qeyri-i\u015f g\u00fcnl\u0259ri olacaq.<\/p>\n","protected":false},"excerpt":{"rendered":"<p>Az\u0259rbaycan.media x\u0259b\u0259r verir ki, bu il M\u00fcst\u0259qillik G\u00fcn\u00fc (28 may) v\u0259 Qurban bayram\u0131 il\u0259 \u0259laq\u0259dar v\u0259t\u0259nda\u015flar\u0131 uzunm\u00fcdd\u0259tli istirah\u0259t g\u00f6zl\u0259yir. \u018fm\u0259k M\u0259c\u0259ll\u0259sin\u0259 \u0259sas\u0259n, bayram g\u00fcnl\u0259ri \u00fcst-\u00fcst\u0259 d\u00fc\u015fd\u00fckd\u0259 n\u00f6vb\u0259ti i\u015f g\u00fcn\u00fc qeyri-i\u015f&hellip; <\/p>\n","protected":false},"author":537,"featured_media":77241,"comment_status":"closed","ping_status":"closed","sticky":false,"template":"","format":"standard","meta":{"footnotes":""},"categories":[1,75],"tags":[],"class_list":["post-77240","post","type-post","status-publish","format-standard","has-post-thumbnail","hentry","category-manset","category-xbrlr"],"_links":{"self":[{"href":"https:\/\/azerbaycan.media\/index.php?rest_route=\/wp\/v2\/posts\/77240","targetHints":{"allow":["GET"]}}],"collection":[{"href":"https:\/\/azerbaycan.media\/index.php?rest_route=\/wp\/v2\/posts"}],"about":[{"href":"https:\/\/azerbaycan.media\/index.php?rest_route=\/wp\/v2\/types\/post"}],"author":[{"embeddable":true,"href":"https:\/\/azerbaycan.media\/index.php?rest_route=\/wp\/v2\/users\/537"}],"replies":[{"embeddable":true,"href":"https:\/\/azerbaycan.media\/index.php?rest_route=%2Fwp%2Fv2%2Fcomments&post=77240"}],"version-history":[{"count":1,"href":"https:\/\/azerbaycan.media\/index.php?rest_route=\/wp\/v2\/posts\/77240\/revisions"}],"predecessor-version":[{"id":77242,"href":"https:\/\/azerbaycan.media\/index.php?rest_route=\/wp\/v2\/posts\/77240\/revisions\/77242"}],"wp:featuredmedia":[{"embeddable":true,"href":"https:\/\/azerbaycan.media\/index.php?rest_route=\/wp\/v2\/media\/77241"}],"wp:attachment":[{"href":"https:\/\/azerbaycan.media\/index.php?rest_route=%2Fwp%2Fv2%2Fmedia&parent=77240"}],"wp:term":[{"taxonomy":"category","embeddable":true,"href":"https:\/\/azerbaycan.media\/index.php?rest_route=%2Fwp%2Fv2%2Fcategories&post=77240"},{"taxonomy":"post_tag","embeddable":true,"href":"https:\/\/azerbaycan.media\/index.php?rest_route=%2Fwp%2Fv2%2Ftags&post=77240"}],"curies":[{"name":"wp","href":"https:\/\/api.w.org\/{rel}","templated":true}]}}