{"id":77222,"date":"2026-04-30T09:14:16","date_gmt":"2026-04-30T05:14:16","guid":{"rendered":"https:\/\/azerbaycan.media\/?p=77222"},"modified":"2026-04-30T09:14:16","modified_gmt":"2026-04-30T05:14:16","slug":"may-ayinda-ardicil-3-gun-qeyri-is-gunu-olacaq","status":"publish","type":"post","link":"https:\/\/azerbaycan.media\/?p=77222","title":{"rendered":"May ay\u0131nda ard\u0131c\u0131l 3 g\u00fcn qeyri-i\u015f g\u00fcn\u00fc olacaq"},"content":{"rendered":"<p><strong>Az\u0259rbaycan.media<\/strong> x\u0259b\u0259r verir ki, bu il Fa\u015fizm \u00fcz\u0259rind\u0259 q\u0259l\u0259b\u0259 g\u00fcn\u00fc il\u0259 \u0259laq\u0259dar may ay\u0131nda ard\u0131c\u0131l 3 g\u00fcn qeyri-i\u015f g\u00fcn\u00fc olacaq.<br \/>\nLent.az-\u0131n m\u0259lumat\u0131na g\u00f6r\u0259, may\u0131n 9-u \u015f\u0259nb\u0259 g\u00fcn\u00fcn\u0259 t\u0259sad\u00fcf edir. \u018fm\u0259k M\u0259c\u0259ll\u0259sinin t\u0259l\u0259bl\u0259rin\u0259 \u0259sas\u0259n, bayram v\u0259 istirah\u0259t g\u00fcnl\u0259ri \u00fcst-\u00fcst\u0259 d\u00fc\u015fd\u00fckd\u0259 h\u0259min istirah\u0259t g\u00fcn\u00fc n\u00f6vb\u0259ti i\u015f g\u00fcn\u00fcn\u0259 ke\u00e7irilir.<br \/>\nBuna g\u00f6r\u0259 d\u0259 may\u0131n 10-u bazar g\u00fcn\u00fcn\u0259 d\u00fc\u015fd\u00fcy\u00fcnd\u0259n, \u0259lav\u0259 istirah\u0259t g\u00fcn\u00fc kimi may\u0131n 11-i d\u0259 qeyri-i\u015f g\u00fcn\u00fc olacaq.<br \/>\nBel\u0259likl\u0259, 9, 10 v\u0259 11 may tarixl\u0259rind\u0259 ard\u0131c\u0131l olaraq qeyri-i\u015f g\u00fcnl\u0259ri olacaq v\u0259 v\u0259t\u0259nda\u015flar \u00fc\u00e7g\u00fcnl\u00fck fasil\u0259 \u0259ld\u0259 ed\u0259c\u0259kl\u0259r.<\/p>\n","protected":false},"excerpt":{"rendered":"<p>Az\u0259rbaycan.media x\u0259b\u0259r verir ki, bu il Fa\u015fizm \u00fcz\u0259rind\u0259 q\u0259l\u0259b\u0259 g\u00fcn\u00fc il\u0259 \u0259laq\u0259dar may ay\u0131nda ard\u0131c\u0131l 3 g\u00fcn qeyri-i\u015f g\u00fcn\u00fc olacaq. Lent.az-\u0131n m\u0259lumat\u0131na g\u00f6r\u0259, may\u0131n 9-u \u015f\u0259nb\u0259 g\u00fcn\u00fcn\u0259 t\u0259sad\u00fcf edir. \u018fm\u0259k&hellip; <\/p>\n","protected":false},"author":537,"featured_media":77223,"comment_status":"closed","ping_status":"closed","sticky":false,"template":"","format":"standard","meta":{"footnotes":""},"categories":[75],"tags":[],"class_list":["post-77222","post","type-post","status-publish","format-standard","has-post-thumbnail","hentry","category-xbrlr"],"_links":{"self":[{"href":"https:\/\/azerbaycan.media\/index.php?rest_route=\/wp\/v2\/posts\/77222","targetHints":{"allow":["GET"]}}],"collection":[{"href":"https:\/\/azerbaycan.media\/index.php?rest_route=\/wp\/v2\/posts"}],"about":[{"href":"https:\/\/azerbaycan.media\/index.php?rest_route=\/wp\/v2\/types\/post"}],"author":[{"embeddable":true,"href":"https:\/\/azerbaycan.media\/index.php?rest_route=\/wp\/v2\/users\/537"}],"replies":[{"embeddable":true,"href":"https:\/\/azerbaycan.media\/index.php?rest_route=%2Fwp%2Fv2%2Fcomments&post=77222"}],"version-history":[{"count":2,"href":"https:\/\/azerbaycan.media\/index.php?rest_route=\/wp\/v2\/posts\/77222\/revisions"}],"predecessor-version":[{"id":77226,"href":"https:\/\/azerbaycan.media\/index.php?rest_route=\/wp\/v2\/posts\/77222\/revisions\/77226"}],"wp:featuredmedia":[{"embeddable":true,"href":"https:\/\/azerbaycan.media\/index.php?rest_route=\/wp\/v2\/media\/77223"}],"wp:attachment":[{"href":"https:\/\/azerbaycan.media\/index.php?rest_route=%2Fwp%2Fv2%2Fmedia&parent=77222"}],"wp:term":[{"taxonomy":"category","embeddable":true,"href":"https:\/\/azerbaycan.media\/index.php?rest_route=%2Fwp%2Fv2%2Fcategories&post=77222"},{"taxonomy":"post_tag","embeddable":true,"href":"https:\/\/azerbaycan.media\/index.php?rest_route=%2Fwp%2Fv2%2Ftags&post=77222"}],"curies":[{"name":"wp","href":"https:\/\/api.w.org\/{rel}","templated":true}]}}