{"id":77218,"date":"2026-04-30T09:11:42","date_gmt":"2026-04-30T05:11:42","guid":{"rendered":"https:\/\/azerbaycan.media\/?p=77218"},"modified":"2026-04-30T09:11:42","modified_gmt":"2026-04-30T05:11:42","slug":"trampdan-ukrayna-il%c9%99-bagli-qalmaqalli-aciqlama-h%c9%99rbi-m%c9%99glubiyy%c9%99t-iddiasi","status":"publish","type":"post","link":"https:\/\/azerbaycan.media\/?p=77218","title":{"rendered":"Trampdan Ukrayna il\u0259 ba\u011fl\u0131 qalmaqall\u0131 a\u00e7\u0131qlama \u2013 \u201ch\u0259rbi m\u0259\u011flubiyy\u0259t\u201d iddias\u0131"},"content":{"rendered":"<p><strong>Az\u0259rbaycan.media<\/strong> x\u0259b\u0259r verir ki, AB\u015e Prezidenti Donald Trump Kiyevin h\u0259rbi v\u0259ziyy\u0259ti il\u0259 ba\u011fl\u0131 s\u0259rt a\u00e7\u0131qlama verib.<br \/>\nTramp Rusiya Prezidenti Vladimir Putin il\u0259 telefon dan\u0131\u015f\u0131\u011f\u0131ndan sonra jurnalistl\u0259r\u0259 bildirib ki, Ukrayna c\u0259bh\u0259sind\u0259 v\u0259ziyy\u0259t Q\u0259rb medias\u0131nda d\u00fczg\u00fcn \u0259ks olunmur.<br \/>\nOnun s\u00f6zl\u0259rin\u0259 g\u00f6r\u0259, \u201cUkrayna h\u0259rbi c\u0259h\u0259td\u0259n m\u0259\u011flub olub\u201d v\u0259 bu bar\u0259d\u0259 m\u0259lumatlar b\u0259zi media orqanlar\u0131 t\u0259r\u0259find\u0259n \u201cq\u0259sd\u0259n t\u0259hrif edilir\u201d.<br \/>\nTramp \u0259lav\u0259 edib ki, Rusiyan\u0131n Ukraynaya m\u00fcdaxil\u0259si il\u0259 ba\u011fl\u0131 m\u00fcnaqi\u015f\u0259nin \u0130ranla ba\u011fl\u0131 g\u0259rginlikl\u0259rl\u0259 eyni vaxtda v\u0259 ya ondan daha tez ba\u015fa \u00e7ata bil\u0259c\u0259yi ehtimal\u0131 var.<br \/>\nBu a\u00e7\u0131qlamalar beyn\u0259lxalq siyasi dair\u0259l\u0259rd\u0259 geni\u015f m\u00fczakir\u0259l\u0259r\u0259 s\u0259b\u0259b olub v\u0259 f\u0259rqli reaksiyalar do\u011furub.<\/p>\n","protected":false},"excerpt":{"rendered":"<p>Az\u0259rbaycan.media x\u0259b\u0259r verir ki, AB\u015e Prezidenti Donald Trump Kiyevin h\u0259rbi v\u0259ziyy\u0259ti il\u0259 ba\u011fl\u0131 s\u0259rt a\u00e7\u0131qlama verib. Tramp Rusiya Prezidenti Vladimir Putin il\u0259 telefon dan\u0131\u015f\u0131\u011f\u0131ndan sonra jurnalistl\u0259r\u0259 bildirib ki, Ukrayna c\u0259bh\u0259sind\u0259&hellip; <\/p>\n","protected":false},"author":537,"featured_media":77219,"comment_status":"closed","ping_status":"closed","sticky":false,"template":"","format":"standard","meta":{"footnotes":""},"categories":[55],"tags":[],"class_list":["post-77218","post","type-post","status-publish","format-standard","has-post-thumbnail","hentry","category-dunya"],"_links":{"self":[{"href":"https:\/\/azerbaycan.media\/index.php?rest_route=\/wp\/v2\/posts\/77218","targetHints":{"allow":["GET"]}}],"collection":[{"href":"https:\/\/azerbaycan.media\/index.php?rest_route=\/wp\/v2\/posts"}],"about":[{"href":"https:\/\/azerbaycan.media\/index.php?rest_route=\/wp\/v2\/types\/post"}],"author":[{"embeddable":true,"href":"https:\/\/azerbaycan.media\/index.php?rest_route=\/wp\/v2\/users\/537"}],"replies":[{"embeddable":true,"href":"https:\/\/azerbaycan.media\/index.php?rest_route=%2Fwp%2Fv2%2Fcomments&post=77218"}],"version-history":[{"count":2,"href":"https:\/\/azerbaycan.media\/index.php?rest_route=\/wp\/v2\/posts\/77218\/revisions"}],"predecessor-version":[{"id":77221,"href":"https:\/\/azerbaycan.media\/index.php?rest_route=\/wp\/v2\/posts\/77218\/revisions\/77221"}],"wp:featuredmedia":[{"embeddable":true,"href":"https:\/\/azerbaycan.media\/index.php?rest_route=\/wp\/v2\/media\/77219"}],"wp:attachment":[{"href":"https:\/\/azerbaycan.media\/index.php?rest_route=%2Fwp%2Fv2%2Fmedia&parent=77218"}],"wp:term":[{"taxonomy":"category","embeddable":true,"href":"https:\/\/azerbaycan.media\/index.php?rest_route=%2Fwp%2Fv2%2Fcategories&post=77218"},{"taxonomy":"post_tag","embeddable":true,"href":"https:\/\/azerbaycan.media\/index.php?rest_route=%2Fwp%2Fv2%2Ftags&post=77218"}],"curies":[{"name":"wp","href":"https:\/\/api.w.org\/{rel}","templated":true}]}}