{"id":77214,"date":"2026-04-30T09:08:28","date_gmt":"2026-04-30T05:08:28","guid":{"rendered":"https:\/\/azerbaycan.media\/?p=77214"},"modified":"2026-04-30T09:08:28","modified_gmt":"2026-04-30T05:08:28","slug":"tramp-putin-iran-v%c9%99-muharib%c9%99-movzusunda-abs-a-kom%c9%99k-t%c9%99klif-edib","status":"publish","type":"post","link":"https:\/\/azerbaycan.media\/?p=77214","title":{"rendered":"Tramp: Putin \u0130ran v\u0259 m\u00fcharib\u0259 m\u00f6vzusunda AB\u015e-a k\u00f6m\u0259k t\u0259klif edib"},"content":{"rendered":"<p><strong>Az\u0259rbaycan.media<\/strong> x\u0259b\u0259r verir ki, AB\u015e Prezidenti Donald Trump Rusiya Prezidenti Vladimir Putin il\u0259 telefon dan\u0131\u015f\u0131\u011f\u0131ndan sonra diqq\u0259t\u00e7\u0259k\u0259n a\u00e7\u0131qlama verib.<br \/>\nTramp bildirib ki, s\u00f6hb\u0259t zaman\u0131 Putin \u0130ranla ba\u011fl\u0131 m\u0259s\u0259l\u0259l\u0259rd\u0259, x\u00fcsusil\u0259 d\u0259 z\u0259nginl\u0259\u015fdirilmi\u015f uran m\u00f6vzusunda AB\u015e-a k\u00f6m\u0259k etm\u0259yi t\u0259klif edib.<br \/>\nTramp\u0131n s\u00f6zl\u0259rin\u0259 g\u00f6r\u0259, o, Putin\u0259 cavab olaraq m\u00fcharib\u0259y\u0259 yard\u0131m etm\u0259zd\u0259n \u0259vv\u0259l m\u00fcnaqi\u015f\u0259nin dayand\u0131r\u0131lmas\u0131n\u0131n daha vacib oldu\u011funu deyib.<br \/>\nAB\u015e lideri h\u0259m\u00e7inin telefon dan\u0131\u015f\u0131\u011f\u0131n\u0131 \u201c\u00e7ox yax\u015f\u0131\u201d adland\u0131r\u0131b v\u0259 Rusiyan\u0131n Ukraynaya m\u00fcdaxil\u0259si il\u0259 ba\u011fl\u0131 h\u0259llin nisb\u0259t\u0259n tez \u0259ld\u0259 oluna bil\u0259c\u0259yin\u0259 \u00fcmid etdiyini bildirib.<br \/>\nQeyd ed\u0259k ki, bu a\u00e7\u0131qlamalar beyn\u0259lxalq mediada geni\u015f m\u00fczakir\u0259l\u0259r\u0259 s\u0259b\u0259b olub v\u0259 diplomatik prosesl\u0259rin gedi\u015fin\u0259 dair yeni suallar yarad\u0131b.<\/p>\n","protected":false},"excerpt":{"rendered":"<p>Az\u0259rbaycan.media x\u0259b\u0259r verir ki, AB\u015e Prezidenti Donald Trump Rusiya Prezidenti Vladimir Putin il\u0259 telefon dan\u0131\u015f\u0131\u011f\u0131ndan sonra diqq\u0259t\u00e7\u0259k\u0259n a\u00e7\u0131qlama verib. Tramp bildirib ki, s\u00f6hb\u0259t zaman\u0131 Putin \u0130ranla ba\u011fl\u0131 m\u0259s\u0259l\u0259l\u0259rd\u0259, x\u00fcsusil\u0259 d\u0259&hellip; <\/p>\n","protected":false},"author":537,"featured_media":77215,"comment_status":"closed","ping_status":"closed","sticky":false,"template":"","format":"standard","meta":{"footnotes":""},"categories":[134],"tags":[],"class_list":["post-77214","post","type-post","status-publish","format-standard","has-post-thumbnail","hentry","category-amerika"],"_links":{"self":[{"href":"https:\/\/azerbaycan.media\/index.php?rest_route=\/wp\/v2\/posts\/77214","targetHints":{"allow":["GET"]}}],"collection":[{"href":"https:\/\/azerbaycan.media\/index.php?rest_route=\/wp\/v2\/posts"}],"about":[{"href":"https:\/\/azerbaycan.media\/index.php?rest_route=\/wp\/v2\/types\/post"}],"author":[{"embeddable":true,"href":"https:\/\/azerbaycan.media\/index.php?rest_route=\/wp\/v2\/users\/537"}],"replies":[{"embeddable":true,"href":"https:\/\/azerbaycan.media\/index.php?rest_route=%2Fwp%2Fv2%2Fcomments&post=77214"}],"version-history":[{"count":2,"href":"https:\/\/azerbaycan.media\/index.php?rest_route=\/wp\/v2\/posts\/77214\/revisions"}],"predecessor-version":[{"id":77217,"href":"https:\/\/azerbaycan.media\/index.php?rest_route=\/wp\/v2\/posts\/77214\/revisions\/77217"}],"wp:featuredmedia":[{"embeddable":true,"href":"https:\/\/azerbaycan.media\/index.php?rest_route=\/wp\/v2\/media\/77215"}],"wp:attachment":[{"href":"https:\/\/azerbaycan.media\/index.php?rest_route=%2Fwp%2Fv2%2Fmedia&parent=77214"}],"wp:term":[{"taxonomy":"category","embeddable":true,"href":"https:\/\/azerbaycan.media\/index.php?rest_route=%2Fwp%2Fv2%2Fcategories&post=77214"},{"taxonomy":"post_tag","embeddable":true,"href":"https:\/\/azerbaycan.media\/index.php?rest_route=%2Fwp%2Fv2%2Ftags&post=77214"}],"curies":[{"name":"wp","href":"https:\/\/api.w.org\/{rel}","templated":true}]}}