{"id":77206,"date":"2026-04-30T08:56:06","date_gmt":"2026-04-30T04:56:06","guid":{"rendered":"https:\/\/azerbaycan.media\/?p=77206"},"modified":"2026-04-30T08:56:06","modified_gmt":"2026-04-30T04:56:06","slug":"trampdan-mubahis%c9%99li-aciqlama-ukrayna-v%c9%99-iranla-bagli-fikirl%c9%99ri-qarisdirdi","status":"publish","type":"post","link":"https:\/\/azerbaycan.media\/?p=77206","title":{"rendered":"Trampdan m\u00fcbahis\u0259li a\u00e7\u0131qlama: Ukrayna v\u0259 \u0130ranla ba\u011fl\u0131 fikirl\u0259ri qar\u0131\u015fd\u0131rd\u0131"},"content":{"rendered":"<p><strong>Az\u0259rbaycan.media<\/strong> x\u0259b\u0259r verir ki, AB\u015e Prezidenti Donald Trump Rusiya lideri Vladimir Putin il\u0259 s\u00f6hb\u0259tind\u0259n sonra \u0130ran v\u0259 Ukrayna \u0259traf\u0131ndak\u0131 m\u00fcnaqi\u015f\u0259l\u0259rin eyni vaxtda ba\u015fa \u00e7ata bil\u0259c\u0259yini bildirib.<br \/>\nTramp CNN-\u0259 m\u00fcsahib\u0259sind\u0259 Ukraynan\u0131n h\u0259rbi bax\u0131mdan m\u0259\u011flub oldu\u011funu iddia edib v\u0259 h\u0259r iki m\u00fcnaqi\u015f\u0259nin paralel \u015f\u0259kild\u0259 bit\u0259 bil\u0259c\u0259yini vur\u011fulay\u0131b.<br \/>\nAB\u015e lideri \u00e7\u0131x\u0131\u015f\u0131 zaman\u0131 Ukrayna il\u0259 ba\u011fl\u0131 dan\u0131\u015fark\u0259n, faktiki olaraq \u0130ranla \u0259laq\u0259li g\u00f6st\u0259ricil\u0259ri s\u0259sl\u0259ndirib. O, b\u0259yan edib ki, \u201c159 g\u0259mid\u0259n ibar\u0259t donanman\u0131n ham\u0131s\u0131 haz\u0131rda su alt\u0131ndad\u0131r\u201d v\u0259 bu v\u0259ziyy\u0259tin h\u0259min \u00f6lk\u0259nin h\u0259rbi imkanlar\u0131n\u0131 ciddi z\u0259ifl\u0259tdiyini g\u00f6st\u0259rir.<br \/>\nLakin CNN Tramp\u0131n a\u00e7\u0131qlamas\u0131nda Ukrayna il\u0259 \u0130ran\u0131 s\u0259hv sald\u0131\u011f\u0131n\u0131 diqq\u0259t\u0259 \u00e7atd\u0131r\u0131b. Bildirilib ki, o, \u0259vv\u0259lc\u0259 Rusiya prezidenti il\u0259 \u0130ran bar\u0259d\u0259 dan\u0131\u015fd\u0131\u011f\u0131n\u0131 des\u0259 d\u0259, kontekstd\u0259n s\u00f6hb\u0259tin Ukrayna il\u0259 ba\u011fl\u0131 oldu\u011fu m\u0259lum olub.<br \/>\nQeyd ed\u0259k ki, Tramp\u0131n bu a\u00e7\u0131qlamalar\u0131 beyn\u0259lxalq mediada geni\u015f m\u00fczakir\u0259l\u0259r\u0259 s\u0259b\u0259b olub.<\/p>\n","protected":false},"excerpt":{"rendered":"<p>Az\u0259rbaycan.media x\u0259b\u0259r verir ki, AB\u015e Prezidenti Donald Trump Rusiya lideri Vladimir Putin il\u0259 s\u00f6hb\u0259tind\u0259n sonra \u0130ran v\u0259 Ukrayna \u0259traf\u0131ndak\u0131 m\u00fcnaqi\u015f\u0259l\u0259rin eyni vaxtda ba\u015fa \u00e7ata bil\u0259c\u0259yini bildirib. Tramp CNN-\u0259 m\u00fcsahib\u0259sind\u0259 Ukraynan\u0131n&hellip; <\/p>\n","protected":false},"author":537,"featured_media":77207,"comment_status":"closed","ping_status":"closed","sticky":false,"template":"","format":"standard","meta":{"footnotes":""},"categories":[1],"tags":[],"class_list":["post-77206","post","type-post","status-publish","format-standard","has-post-thumbnail","hentry","category-manset"],"_links":{"self":[{"href":"https:\/\/azerbaycan.media\/index.php?rest_route=\/wp\/v2\/posts\/77206","targetHints":{"allow":["GET"]}}],"collection":[{"href":"https:\/\/azerbaycan.media\/index.php?rest_route=\/wp\/v2\/posts"}],"about":[{"href":"https:\/\/azerbaycan.media\/index.php?rest_route=\/wp\/v2\/types\/post"}],"author":[{"embeddable":true,"href":"https:\/\/azerbaycan.media\/index.php?rest_route=\/wp\/v2\/users\/537"}],"replies":[{"embeddable":true,"href":"https:\/\/azerbaycan.media\/index.php?rest_route=%2Fwp%2Fv2%2Fcomments&post=77206"}],"version-history":[{"count":2,"href":"https:\/\/azerbaycan.media\/index.php?rest_route=\/wp\/v2\/posts\/77206\/revisions"}],"predecessor-version":[{"id":77209,"href":"https:\/\/azerbaycan.media\/index.php?rest_route=\/wp\/v2\/posts\/77206\/revisions\/77209"}],"wp:featuredmedia":[{"embeddable":true,"href":"https:\/\/azerbaycan.media\/index.php?rest_route=\/wp\/v2\/media\/77207"}],"wp:attachment":[{"href":"https:\/\/azerbaycan.media\/index.php?rest_route=%2Fwp%2Fv2%2Fmedia&parent=77206"}],"wp:term":[{"taxonomy":"category","embeddable":true,"href":"https:\/\/azerbaycan.media\/index.php?rest_route=%2Fwp%2Fv2%2Fcategories&post=77206"},{"taxonomy":"post_tag","embeddable":true,"href":"https:\/\/azerbaycan.media\/index.php?rest_route=%2Fwp%2Fv2%2Ftags&post=77206"}],"curies":[{"name":"wp","href":"https:\/\/api.w.org\/{rel}","templated":true}]}}