{"id":77194,"date":"2026-04-30T08:41:07","date_gmt":"2026-04-30T04:41:07","guid":{"rendered":"https:\/\/azerbaycan.media\/?p=77194"},"modified":"2026-04-30T08:41:07","modified_gmt":"2026-04-30T04:41:07","slug":"az%c9%99rbaycanda-yaz-gecikir-ekoloqdan-vacib-x%c9%99b%c9%99rdarliq","status":"publish","type":"post","link":"https:\/\/azerbaycan.media\/?p=77194","title":{"rendered":"Az\u0259rbaycanda yaz gecikir? \u2013 Ekoloqdan vacib x\u0259b\u0259rdarl\u0131q"},"content":{"rendered":"<p><strong>Az\u0259rbaycan.media<\/strong> x\u0259b\u0259r verir ki, \u00f6lk\u0259d\u0259 yaz f\u0259slinin bitm\u0259sin\u0259 az vaxt qalsa da, onun xarakterik sabit v\u0259 m\u00fclayim havas\u0131 h\u0259l\u0259 d\u0259 tam hiss olunmur.<br \/>\nPublika.az-\u0131n m\u0259lumat\u0131na g\u00f6r\u0259, ekoloq \u0130rad\u0259 H\u0259s\u0259nova bildirib ki, yaz\u0131n ilk aylar\u0131 x\u00fcsusil\u0259 Bak\u0131 v\u0259 \u0259traf \u0259razil\u0259rd\u0259 s\u0259rin, r\u00fctub\u0259tli v\u0259 ya\u011f\u0131nt\u0131l\u0131 hava \u015f\u0259raiti il\u0259 m\u00fc\u015fahid\u0259 olunub. Onun s\u00f6zl\u0259rin\u0259 g\u00f6r\u0259, bu v\u0259ziyy\u0259t \u0259sas\u0259n \u015fimal v\u0259 q\u0259rb istiqam\u0259tl\u0259rind\u0259n daxil olan soyuq hava ax\u0131nlar\u0131 il\u0259 ba\u011fl\u0131d\u0131r.<br \/>\nEkspert qeyd edib ki, may ay\u0131 il\u0259 birlikd\u0259 hava \u015f\u0259raitind\u0259 d\u0259yi\u015fiklik g\u00f6zl\u0259nilir. G\u00fcn\u0259\u015f radiasiyas\u0131n\u0131n artmas\u0131 v\u0259 yer s\u0259thinin isinm\u0259si n\u0259tic\u0259sind\u0259 temperatur y\u00fcks\u0259l\u0259c\u0259k v\u0259 daha isti hava \u015f\u0259raiti formala\u015fa bil\u0259r.<br \/>\nBununla bel\u0259, o vur\u011fulay\u0131b ki, istil\u0259\u015fm\u0259 k\u0259skin v\u0259 q\u0131sa m\u00fcdd\u0259tli ola bil\u0259r. Bel\u0259 ki, b\u0259zi g\u00fcnl\u0259rd\u0259 temperaturun 10-15 d\u0259r\u0259c\u0259 artmas\u0131 m\u00fcmk\u00fcnd\u00fcr. Lakin bu proses davaml\u0131 olmayacaq \u2013 isti hava dal\u011falar\u0131n\u0131 yenid\u0259n s\u0259rin v\u0259 ya\u011f\u0131nt\u0131l\u0131 g\u00fcnl\u0259r \u0259v\u0259z ed\u0259 bil\u0259r.<br \/>\nEkoloqun s\u00f6zl\u0259rin\u0259 g\u00f6r\u0259, son ill\u0259rd\u0259 m\u00fc\u015fahid\u0259 olunan bu c\u00fcr qeyri-sabit hava \u015f\u0259raiti iqlim d\u0259yi\u015fiklikl\u0259ri il\u0259 birba\u015fa \u0259laq\u0259lidir. Bu s\u0259b\u0259bd\u0259n yax\u0131n h\u0259ft\u0259l\u0259rd\u0259 h\u0259m isti, h\u0259m d\u0259 s\u0259rin hava \u015f\u0259raitin\u0259 haz\u0131r olmaq v\u0259 proqnozlar\u0131 m\u00fct\u0259madi izl\u0259m\u0259k t\u00f6vsiy\u0259 olunur.<\/p>\n","protected":false},"excerpt":{"rendered":"<p>Az\u0259rbaycan.media x\u0259b\u0259r verir ki, \u00f6lk\u0259d\u0259 yaz f\u0259slinin bitm\u0259sin\u0259 az vaxt qalsa da, onun xarakterik sabit v\u0259 m\u00fclayim havas\u0131 h\u0259l\u0259 d\u0259 tam hiss olunmur. Publika.az-\u0131n m\u0259lumat\u0131na g\u00f6r\u0259, ekoloq \u0130rad\u0259 H\u0259s\u0259nova bildirib&hellip; <\/p>\n","protected":false},"author":537,"featured_media":77195,"comment_status":"closed","ping_status":"closed","sticky":false,"template":"","format":"standard","meta":{"footnotes":""},"categories":[75],"tags":[],"class_list":["post-77194","post","type-post","status-publish","format-standard","has-post-thumbnail","hentry","category-xbrlr"],"_links":{"self":[{"href":"https:\/\/azerbaycan.media\/index.php?rest_route=\/wp\/v2\/posts\/77194","targetHints":{"allow":["GET"]}}],"collection":[{"href":"https:\/\/azerbaycan.media\/index.php?rest_route=\/wp\/v2\/posts"}],"about":[{"href":"https:\/\/azerbaycan.media\/index.php?rest_route=\/wp\/v2\/types\/post"}],"author":[{"embeddable":true,"href":"https:\/\/azerbaycan.media\/index.php?rest_route=\/wp\/v2\/users\/537"}],"replies":[{"embeddable":true,"href":"https:\/\/azerbaycan.media\/index.php?rest_route=%2Fwp%2Fv2%2Fcomments&post=77194"}],"version-history":[{"count":2,"href":"https:\/\/azerbaycan.media\/index.php?rest_route=\/wp\/v2\/posts\/77194\/revisions"}],"predecessor-version":[{"id":77197,"href":"https:\/\/azerbaycan.media\/index.php?rest_route=\/wp\/v2\/posts\/77194\/revisions\/77197"}],"wp:featuredmedia":[{"embeddable":true,"href":"https:\/\/azerbaycan.media\/index.php?rest_route=\/wp\/v2\/media\/77195"}],"wp:attachment":[{"href":"https:\/\/azerbaycan.media\/index.php?rest_route=%2Fwp%2Fv2%2Fmedia&parent=77194"}],"wp:term":[{"taxonomy":"category","embeddable":true,"href":"https:\/\/azerbaycan.media\/index.php?rest_route=%2Fwp%2Fv2%2Fcategories&post=77194"},{"taxonomy":"post_tag","embeddable":true,"href":"https:\/\/azerbaycan.media\/index.php?rest_route=%2Fwp%2Fv2%2Ftags&post=77194"}],"curies":[{"name":"wp","href":"https:\/\/api.w.org\/{rel}","templated":true}]}}