{"id":77189,"date":"2026-04-30T08:35:40","date_gmt":"2026-04-30T04:35:40","guid":{"rendered":"https:\/\/azerbaycan.media\/?p=77189"},"modified":"2026-04-30T08:35:40","modified_gmt":"2026-04-30T04:35:40","slug":"adanada-leysan-yagislar-faci%c9%99y%c9%99-s%c9%99b%c9%99b-oldu-ol%c9%99n-var","status":"publish","type":"post","link":"https:\/\/azerbaycan.media\/?p=77189","title":{"rendered":"Adanada leysan ya\u011f\u0131\u015flar faci\u0259y\u0259 s\u0259b\u0259b oldu \u2013 \u00f6l\u0259n var"},"content":{"rendered":"<p>&nbsp;<\/p>\n<p><strong>Az\u0259rbaycan.media<\/strong> x\u0259b\u0259r verir ki, T\u00fcrkiy\u0259nin Adana \u015f\u0259h\u0259rind\u0259 arams\u0131z ya\u011fan leysan ya\u011f\u0131\u015flar g\u00fccl\u00fc sel\u0259 s\u0259b\u0259b olub.<br \/>\nAxar.az-\u0131n Haber Global-a istinad\u0259n verdiyi m\u0259lumata g\u00f6r\u0259, sel sular\u0131 magistral yolda n\u0259qliyyat\u0131n h\u0259r\u0259k\u0259tini tamamil\u0259 iflic edib.<br \/>\nBildirilir ki, sel\u0259 d\u00fc\u015f\u0259r\u0259k s\u00fcr\u00fckl\u0259n\u0259n avtomobill\u0259rd\u0259n birind\u0259 olan s\u00fcr\u00fcc\u00fc v\u0259 s\u0259rni\u015fin \u00e7\u0259tin v\u0259ziyy\u0259td\u0259 qal\u0131b. Onlar avtomobild\u0259n \u00e7\u0131xa bils\u0259l\u0259r d\u0259, g\u00fccl\u00fc ax\u0131na qap\u0131l\u0131blar. S\u00fcr\u00fcc\u00fc xilas edils\u0259 d\u0259, s\u0259rni\u015fin bo\u011fularaq h\u0259yat\u0131n\u0131 itirib.<br \/>\nHaz\u0131rda \u0259razid\u0259 t\u0259hl\u00fck\u0259sizlik t\u0259dbirl\u0259ri g\u00fccl\u0259ndirilib, v\u0259ziyy\u0259tin n\u0259zar\u0259t\u0259 g\u00f6t\u00fcr\u00fclm\u0259si istiqam\u0259tind\u0259 i\u015fl\u0259r davam etdirilir.<\/p>\n","protected":false},"excerpt":{"rendered":"<p>&nbsp; Az\u0259rbaycan.media x\u0259b\u0259r verir ki, T\u00fcrkiy\u0259nin Adana \u015f\u0259h\u0259rind\u0259 arams\u0131z ya\u011fan leysan ya\u011f\u0131\u015flar g\u00fccl\u00fc sel\u0259 s\u0259b\u0259b olub. Axar.az-\u0131n Haber Global-a istinad\u0259n verdiyi m\u0259lumata g\u00f6r\u0259, sel sular\u0131 magistral yolda n\u0259qliyyat\u0131n h\u0259r\u0259k\u0259tini tamamil\u0259&hellip; <\/p>\n","protected":false},"author":537,"featured_media":77190,"comment_status":"closed","ping_status":"closed","sticky":false,"template":"","format":"standard","meta":{"footnotes":""},"categories":[75],"tags":[],"class_list":["post-77189","post","type-post","status-publish","format-standard","has-post-thumbnail","hentry","category-xbrlr"],"_links":{"self":[{"href":"https:\/\/azerbaycan.media\/index.php?rest_route=\/wp\/v2\/posts\/77189","targetHints":{"allow":["GET"]}}],"collection":[{"href":"https:\/\/azerbaycan.media\/index.php?rest_route=\/wp\/v2\/posts"}],"about":[{"href":"https:\/\/azerbaycan.media\/index.php?rest_route=\/wp\/v2\/types\/post"}],"author":[{"embeddable":true,"href":"https:\/\/azerbaycan.media\/index.php?rest_route=\/wp\/v2\/users\/537"}],"replies":[{"embeddable":true,"href":"https:\/\/azerbaycan.media\/index.php?rest_route=%2Fwp%2Fv2%2Fcomments&post=77189"}],"version-history":[{"count":2,"href":"https:\/\/azerbaycan.media\/index.php?rest_route=\/wp\/v2\/posts\/77189\/revisions"}],"predecessor-version":[{"id":77193,"href":"https:\/\/azerbaycan.media\/index.php?rest_route=\/wp\/v2\/posts\/77189\/revisions\/77193"}],"wp:featuredmedia":[{"embeddable":true,"href":"https:\/\/azerbaycan.media\/index.php?rest_route=\/wp\/v2\/media\/77190"}],"wp:attachment":[{"href":"https:\/\/azerbaycan.media\/index.php?rest_route=%2Fwp%2Fv2%2Fmedia&parent=77189"}],"wp:term":[{"taxonomy":"category","embeddable":true,"href":"https:\/\/azerbaycan.media\/index.php?rest_route=%2Fwp%2Fv2%2Fcategories&post=77189"},{"taxonomy":"post_tag","embeddable":true,"href":"https:\/\/azerbaycan.media\/index.php?rest_route=%2Fwp%2Fv2%2Ftags&post=77189"}],"curies":[{"name":"wp","href":"https:\/\/api.w.org\/{rel}","templated":true}]}}