{"id":77181,"date":"2026-04-30T08:25:54","date_gmt":"2026-04-30T04:25:54","guid":{"rendered":"https:\/\/azerbaycan.media\/?p=77181"},"modified":"2026-04-30T08:25:54","modified_gmt":"2026-04-30T04:25:54","slug":"adna-faci%c9%99sind%c9%99n-17-il-otur-terror-aktinin-qurbanlari-anilir","status":"publish","type":"post","link":"https:\/\/azerbaycan.media\/?p=77181","title":{"rendered":"ADNA faci\u0259sind\u0259n 17 il \u00f6t\u00fcr \u2013 terror akt\u0131n\u0131n qurbanlar\u0131 an\u0131l\u0131r"},"content":{"rendered":"<p><strong>Az\u0259rbaycan.media<\/strong> x\u0259b\u0259r verir ki, bu g\u00fcn 2009-cu il aprelin 30-da ba\u015f vermi\u015f Az\u0259rbaycan D\u00f6vl\u0259t Neft Akademiyas\u0131ndak\u0131 (indiki Az\u0259rbaycan D\u00f6vl\u0259t Neft v\u0259 S\u0259naye Universiteti) terror akt\u0131n\u0131n n\u00f6vb\u0259ti ild\u00f6n\u00fcm\u00fcd\u00fcr.<br \/>\nK\u00fctl\u0259vi q\u0259tll\u0259 n\u0259tic\u0259l\u0259n\u0259n faci\u0259 paytaxt Bak\u0131n\u0131n Dilar\u0259 \u018fliyeva k\u00fc\u00e7\u0259sind\u0259 yerl\u0259\u015f\u0259n ali t\u0259hsil oca\u011f\u0131n\u0131n ikinci korpusunda qeyd\u0259 al\u0131n\u0131b. H\u0259min g\u00fcn silahl\u0131 \u015f\u0259xs binaya daxil olaraq birinci m\u0259rt\u0259b\u0259d\u0259n alt\u0131nc\u0131 m\u0259rt\u0259b\u0259y\u0259d\u0259k qar\u015f\u0131s\u0131na \u00e7\u0131xan insanlara at\u0259\u015f a\u00e7\u0131b.<br \/>\nHadis\u0259 n\u0259tic\u0259sind\u0259 12 n\u0259f\u0259r h\u0259yat\u0131n\u0131 itirib, 13 n\u0259f\u0259r yaralan\u0131b. H\u00fccumu t\u00f6r\u0259d\u0259n \u015f\u0259xs sonuncu m\u0259rt\u0259b\u0259d\u0259 \u00f6z\u00fcn\u00fc \u00f6ld\u00fcr\u00fcb.<br \/>\nFaktla ba\u011fl\u0131 d\u0259rhal Respublika Ba\u015f Prokurorlu\u011fu v\u0259 Daxili \u0130\u015fl\u0259r Nazirliyinin \u0259m\u0259kda\u015flar\u0131ndan ibar\u0259t \u0259m\u0259liyyat-istintaq qrupu yarad\u0131l\u0131b. Apar\u0131lan ara\u015fd\u0131rmalar n\u0259tic\u0259sind\u0259 hadis\u0259 il\u0259 \u0259laq\u0259li \u015f\u0259xsl\u0259r m\u00fc\u0259yy\u0259n edil\u0259r\u0259k cinay\u0259t m\u0259suliyy\u0259tin\u0259 c\u0259lb olunub.<br \/>\n\u0130stintaq materiallar\u0131na \u0259sas\u0259n, terror akt\u0131n\u0131n sifari\u015f\u00e7isinin xarici \u00f6lk\u0259 v\u0259t\u0259nda\u015f\u0131 oldu\u011fu m\u00fc\u0259yy\u0259nl\u0259\u015fdirilib v\u0259 onun bar\u0259sind\u0259 beyn\u0259lxalq axtar\u0131\u015f elan edilib.<br \/>\n2010-cu ild\u0259 m\u0259hk\u0259m\u0259nin h\u00f6km\u00fc il\u0259 i\u015f \u00fczr\u0259 t\u0259qsirl\u0259ndiril\u0259n \u015f\u0259xsl\u0259rd\u0259n \u00fc\u00e7\u00fc \u00f6m\u00fcrl\u00fck azadl\u0131qdan m\u0259hrum edilib, dig\u0259ri is\u0259 uzunm\u00fcdd\u0259tli h\u0259bs c\u0259zas\u0131na m\u0259hkum olunub.<br \/>\nQeyd ed\u0259k ki, 2015-ci ild\u0259 verilmi\u015f m\u00fcvafiq s\u0259r\u0259ncama \u0259sas\u0259n Az\u0259rbaycan D\u00f6vl\u0259t Neft Akademiyas\u0131n\u0131n ad\u0131 d\u0259yi\u015fdiril\u0259r\u0259k Az\u0259rbaycan D\u00f6vl\u0259t Neft v\u0259 S\u0259naye Universiteti adland\u0131r\u0131l\u0131b.<br \/>\nBu g\u00fcn faci\u0259 qurbanlar\u0131n\u0131n xatir\u0259si ehtiramla yad edilir.<\/p>\n","protected":false},"excerpt":{"rendered":"<p>Az\u0259rbaycan.media x\u0259b\u0259r verir ki, bu g\u00fcn 2009-cu il aprelin 30-da ba\u015f vermi\u015f Az\u0259rbaycan D\u00f6vl\u0259t Neft Akademiyas\u0131ndak\u0131 (indiki Az\u0259rbaycan D\u00f6vl\u0259t Neft v\u0259 S\u0259naye Universiteti) terror akt\u0131n\u0131n n\u00f6vb\u0259ti ild\u00f6n\u00fcm\u00fcd\u00fcr. K\u00fctl\u0259vi q\u0259tll\u0259 n\u0259tic\u0259l\u0259n\u0259n&hellip; <\/p>\n","protected":false},"author":537,"featured_media":77182,"comment_status":"closed","ping_status":"closed","sticky":false,"template":"","format":"standard","meta":{"footnotes":""},"categories":[1,75],"tags":[],"class_list":["post-77181","post","type-post","status-publish","format-standard","has-post-thumbnail","hentry","category-manset","category-xbrlr"],"_links":{"self":[{"href":"https:\/\/azerbaycan.media\/index.php?rest_route=\/wp\/v2\/posts\/77181","targetHints":{"allow":["GET"]}}],"collection":[{"href":"https:\/\/azerbaycan.media\/index.php?rest_route=\/wp\/v2\/posts"}],"about":[{"href":"https:\/\/azerbaycan.media\/index.php?rest_route=\/wp\/v2\/types\/post"}],"author":[{"embeddable":true,"href":"https:\/\/azerbaycan.media\/index.php?rest_route=\/wp\/v2\/users\/537"}],"replies":[{"embeddable":true,"href":"https:\/\/azerbaycan.media\/index.php?rest_route=%2Fwp%2Fv2%2Fcomments&post=77181"}],"version-history":[{"count":2,"href":"https:\/\/azerbaycan.media\/index.php?rest_route=\/wp\/v2\/posts\/77181\/revisions"}],"predecessor-version":[{"id":77184,"href":"https:\/\/azerbaycan.media\/index.php?rest_route=\/wp\/v2\/posts\/77181\/revisions\/77184"}],"wp:featuredmedia":[{"embeddable":true,"href":"https:\/\/azerbaycan.media\/index.php?rest_route=\/wp\/v2\/media\/77182"}],"wp:attachment":[{"href":"https:\/\/azerbaycan.media\/index.php?rest_route=%2Fwp%2Fv2%2Fmedia&parent=77181"}],"wp:term":[{"taxonomy":"category","embeddable":true,"href":"https:\/\/azerbaycan.media\/index.php?rest_route=%2Fwp%2Fv2%2Fcategories&post=77181"},{"taxonomy":"post_tag","embeddable":true,"href":"https:\/\/azerbaycan.media\/index.php?rest_route=%2Fwp%2Fv2%2Ftags&post=77181"}],"curies":[{"name":"wp","href":"https:\/\/api.w.org\/{rel}","templated":true}]}}