{"id":77174,"date":"2026-04-29T16:52:36","date_gmt":"2026-04-29T12:52:36","guid":{"rendered":"https:\/\/azerbaycan.media\/?p=77174"},"modified":"2026-04-29T16:52:36","modified_gmt":"2026-04-29T12:52:36","slug":"trampin-diqq%c9%99ti-ukraynadan-yayindi-ag-ev-yaxin-s%c9%99rq%c9%99-fokuslanib","status":"publish","type":"post","link":"https:\/\/azerbaycan.media\/?p=77174","title":{"rendered":"Tramp\u0131n diqq\u0259ti Ukraynadan yay\u0131nd\u0131 \u2013 A\u011f Ev Yax\u0131n \u015e\u0259rq\u0259 fokuslan\u0131b"},"content":{"rendered":"<p><strong>Az\u0259rbaycan.media<\/strong> x\u0259b\u0259r verir ki, AB\u015e Prezidenti Donald Tramp\u0131n administrasiyas\u0131nda Ukrayna b\u00f6hran\u0131 \u0259vv\u0259lki prioritetliyini qism\u0259n itirib.<br \/>\n\u201cPolitico\u201d n\u0259\u015frinin A\u011f Evd\u0259ki m\u0259nb\u0259l\u0259r\u0259 istinad\u0259n yayd\u0131\u011f\u0131 m\u0259lumata g\u00f6r\u0259, administrasiya r\u0259smil\u0259ri Ukrayna il\u0259 ba\u011fl\u0131 son m\u00fczakir\u0259l\u0259rin n\u0259 vaxt ke\u00e7irildiyini xat\u0131rlamaqda \u00e7\u0259tinlik \u00e7\u0259kirl\u0259r.<br \/>\nBildirilir ki, Yax\u0131n \u015e\u0259rqd\u0259 artan g\u0259rginlik Va\u015finqtonun diqq\u0259tini bu regiona y\u00f6n\u0259ldib. X\u00fcsusil\u0259 \u0130ran m\u0259s\u0259l\u0259si haz\u0131rda AB\u015e \u00fc\u00e7\u00fcn \u0259sas fokus n\u00f6qt\u0259sin\u0259 \u00e7evrilib.<br \/>\nM\u0259nb\u0259l\u0259rin s\u00f6zl\u0259rin\u0259 g\u00f6r\u0259, Tramp\u0131n Ukrayna \u00fczr\u0259 \u0259sas s\u00f6z\u00e7\u00fcs\u00fc hesab olunan Yax\u0131n \u015e\u0259rq \u00fczr\u0259 x\u00fcsusi n\u00fcmay\u0259nd\u0259 Stiven Uitkoff v\u0259 prezidentin k\u00fcr\u0259k\u0259ni Cared Ku\u015fner f\u0259aliyy\u0259tl\u0259rinin b\u00f6y\u00fck hiss\u0259sini \u0130ranla ba\u011fl\u0131 m\u0259s\u0259l\u0259l\u0259r\u0259 ay\u0131r\u0131rlar. Bununla yana\u015f\u0131, onlar\u0131n Moskva v\u0259 Kiyevl\u0259 m\u0259hdud \u0259laq\u0259l\u0259ri davam edir.<br \/>\nQeyd olunur ki, AB\u015e prezidentinin Ukrayna m\u0259s\u0259l\u0259sin\u0259 mara\u011f\u0131n\u0131n azalmas\u0131n\u0131n s\u0259b\u0259bl\u0259rind\u0259n biri d\u0259 Avropa \u00f6lk\u0259l\u0259ri il\u0259 m\u00fcnasib\u0259tl\u0259rin g\u0259rginl\u0259\u015fm\u0259sidir. Avropa d\u00f6vl\u0259tl\u0259rinin \u0130rana qar\u015f\u0131 m\u00fcmk\u00fcn h\u0259rbi \u0259m\u0259liyyatlar v\u0259 H\u00f6rm\u00fcz bo\u011faz\u0131 il\u0259 ba\u011fl\u0131 m\u0259s\u0259l\u0259l\u0259rd\u0259 Va\u015finqtonu d\u0259st\u0259kl\u0259m\u0259m\u0259si Tramp\u0131n naraz\u0131l\u0131\u011f\u0131na s\u0259b\u0259b olub.<br \/>\nBuna baxmayaraq, Ukrayna b\u00f6hran\u0131n\u0131n h\u0259lli h\u0259l\u0259 d\u0259 AB\u015e administrasiyas\u0131 \u00fc\u00e7\u00fcn vacib istiqam\u0259tl\u0259rd\u0259n biri hesab olunur, lakin Yax\u0131n \u015e\u0259rqd\u0259ki hadis\u0259l\u0259r bu m\u00f6vzunu arxa plana ke\u00e7irib.<\/p>\n","protected":false},"excerpt":{"rendered":"<p>Az\u0259rbaycan.media x\u0259b\u0259r verir ki, AB\u015e Prezidenti Donald Tramp\u0131n administrasiyas\u0131nda Ukrayna b\u00f6hran\u0131 \u0259vv\u0259lki prioritetliyini qism\u0259n itirib. \u201cPolitico\u201d n\u0259\u015frinin A\u011f Evd\u0259ki m\u0259nb\u0259l\u0259r\u0259 istinad\u0259n yayd\u0131\u011f\u0131 m\u0259lumata g\u00f6r\u0259, administrasiya r\u0259smil\u0259ri Ukrayna il\u0259 ba\u011fl\u0131 son&hellip; <\/p>\n","protected":false},"author":537,"featured_media":77175,"comment_status":"closed","ping_status":"closed","sticky":false,"template":"","format":"standard","meta":{"footnotes":""},"categories":[134],"tags":[],"class_list":["post-77174","post","type-post","status-publish","format-standard","has-post-thumbnail","hentry","category-amerika"],"_links":{"self":[{"href":"https:\/\/azerbaycan.media\/index.php?rest_route=\/wp\/v2\/posts\/77174","targetHints":{"allow":["GET"]}}],"collection":[{"href":"https:\/\/azerbaycan.media\/index.php?rest_route=\/wp\/v2\/posts"}],"about":[{"href":"https:\/\/azerbaycan.media\/index.php?rest_route=\/wp\/v2\/types\/post"}],"author":[{"embeddable":true,"href":"https:\/\/azerbaycan.media\/index.php?rest_route=\/wp\/v2\/users\/537"}],"replies":[{"embeddable":true,"href":"https:\/\/azerbaycan.media\/index.php?rest_route=%2Fwp%2Fv2%2Fcomments&post=77174"}],"version-history":[{"count":2,"href":"https:\/\/azerbaycan.media\/index.php?rest_route=\/wp\/v2\/posts\/77174\/revisions"}],"predecessor-version":[{"id":77177,"href":"https:\/\/azerbaycan.media\/index.php?rest_route=\/wp\/v2\/posts\/77174\/revisions\/77177"}],"wp:featuredmedia":[{"embeddable":true,"href":"https:\/\/azerbaycan.media\/index.php?rest_route=\/wp\/v2\/media\/77175"}],"wp:attachment":[{"href":"https:\/\/azerbaycan.media\/index.php?rest_route=%2Fwp%2Fv2%2Fmedia&parent=77174"}],"wp:term":[{"taxonomy":"category","embeddable":true,"href":"https:\/\/azerbaycan.media\/index.php?rest_route=%2Fwp%2Fv2%2Fcategories&post=77174"},{"taxonomy":"post_tag","embeddable":true,"href":"https:\/\/azerbaycan.media\/index.php?rest_route=%2Fwp%2Fv2%2Ftags&post=77174"}],"curies":[{"name":"wp","href":"https:\/\/api.w.org\/{rel}","templated":true}]}}