{"id":77165,"date":"2026-04-29T16:45:34","date_gmt":"2026-04-29T12:45:34","guid":{"rendered":"https:\/\/azerbaycan.media\/?p=77165"},"modified":"2026-04-29T16:45:34","modified_gmt":"2026-04-29T12:45:34","slug":"dunya-tarixind%c9%99-az%c9%99rbaycan-dovl%c9%99tciliyi-kitabi-n%c9%99sr-olundu","status":"publish","type":"post","link":"https:\/\/azerbaycan.media\/?p=77165","title":{"rendered":"D\u00fcnya tarixind\u0259 Az\u0259rbaycan d\u00f6vl\u0259t\u00e7iliyi\u201d kitab\u0131 n\u0259\u015fr olundu"},"content":{"rendered":"<p><strong>Az\u0259rbaycan.media<\/strong> x\u0259b\u0259r verir ki, Bak\u0131 D\u00f6vl\u0259t Universitetinin Tarix fak\u00fclt\u0259sinin Elmi \u015euras\u0131n\u0131n 26 dekabr 2025-ci il tarixli q\u0259rar\u0131 il\u0259 \u201cD\u00fcnya tarixind\u0259 Az\u0259rbaycan d\u00f6vl\u0259t\u00e7iliyi\u201d adl\u0131 yeni kitab \u00e7apdan \u00e7\u0131x\u0131b.<br \/>\n\u018fs\u0259rin m\u00fc\u0259llifi AMEA-n\u0131n m\u00fc\u015faviri, BDU-nun Tarix fak\u00fclt\u0259sinin Q\u0259dim d\u00fcnya v\u0259 orta \u0259srl\u0259r tarixi kafedras\u0131n\u0131n m\u00fcdiri, akademik Yaqub Mahmudovdur.<br \/>\nKitabda Az\u0259rbaycan\u0131n z\u0259ngin d\u00f6vl\u0259t\u00e7ilik tarixi \u00fcmumd\u00fcnya tarixi kontekstind\u0259 ara\u015fd\u0131r\u0131l\u0131r v\u0259 ilk d\u0259f\u0259 olaraq d\u00f6vl\u0259t\u00e7ilik tariximiz m\u00fc\u0259yy\u0259n d\u00f6vrl\u0259r\u0259 b\u00f6l\u00fcn\u00fcr. Bu d\u00f6vrl\u0259r \u0259n q\u0259dim zamanlardan ba\u015flayaraq \u0130slamdan \u0259vv\u0259lki m\u0259rh\u0259l\u0259ni, \u0130slamdan sonrak\u0131 d\u00f6vr\u00fc, Rusiya i\u015f\u011fallar\u0131 m\u0259rh\u0259l\u0259sini, Az\u0259rbaycan Xalq C\u00fcmhuriyy\u0259ti d\u00f6vr\u00fcn\u00fc, sovet hakimiyy\u0259ti ill\u0259rini, h\u0259m\u00e7inin Heyd\u0259r \u018fliyev v\u0259 \u0130lham \u018fliyev d\u00f6vrl\u0259rini \u0259hat\u0259 edir.<br \/>\nN\u0259\u015frd\u0259 Manna d\u00f6vl\u0259ti, Atropatena, Albaniya, el\u0259c\u0259 d\u0259 Sacil\u0259r, Atab\u0259yl\u0259r, Qaraqoyunlu, A\u011fqoyunlu, S\u0259f\u0259vi, \u018ff\u015far v\u0259 Qacar d\u00f6vl\u0259tl\u0259ri bar\u0259d\u0259 geni\u015f m\u0259lumat verilir. Eyni zamanda Az\u0259rbaycan Xalq C\u00fcmhuriyy\u0259ti d\u00f6vr\u00fcnd\u0259 ba\u015f ver\u0259n m\u00fch\u00fcm hadis\u0259l\u0259r, o c\u00fcml\u0259d\u0259n Bak\u0131n\u0131n azad olunmas\u0131 x\u00fcsusi vur\u011fulan\u0131r.<br \/>\nKitabda \u00fcmummilli lider Heyd\u0259r \u018fliyevin d\u00f6vl\u0259t\u00e7ilik \u0259n\u0259n\u0259l\u0259rinin qorunmas\u0131ndak\u0131 rolu v\u0259 Prezident \u0130lham \u018fliyevin d\u00f6vr\u00fcnd\u0259 \u0259ld\u0259 olunan u\u011furlar, x\u00fcsusil\u0259 Qaraba\u011f Z\u0259f\u0259ri v\u0259 \u00f6lk\u0259nin suverenliyinin tam b\u0259rpas\u0131 ayr\u0131ca qeyd olunur.<br \/>\nM\u00fc\u0259llif vur\u011fulay\u0131r ki, Az\u0259rbaycan\u0131n d\u00f6vl\u0259t\u00e7ilik tarixi 5 min ild\u0259n art\u0131q d\u00f6vr\u00fc \u0259hat\u0259 edir v\u0259 bu bax\u0131mdan d\u00fcnya tarixind\u0259 nadir n\u00fcmun\u0259l\u0259rd\u0259n hesab olunur.<br \/>\nQeyd ed\u0259k ki, n\u0259\u015frin ba\u015f elmi m\u0259sl\u0259h\u0259t\u00e7isi akademik \u0130smay\u0131l Hac\u0131yev, elmi m\u0259sl\u0259h\u0259t\u00e7il\u0259ri professor \u0130brahim Zeynalov v\u0259 dosent G\u00fcnt\u0259kin N\u0259c\u0259fli, r\u0259y\u00e7il\u0259ri Mehman Abdullayev v\u0259 Sayad Mehdizad\u0259dir. Elmi redaktorlar Sevinc M\u0259likzad\u0259, Nazim X\u0259lilov v\u0259 Elnur N\u0259ciyev, dizayner v\u0259 texniki redaktor Mehri Xanbabayeva, korrektoru is\u0259 Alid\u0259 Quliyevad\u0131r.<\/p>\n","protected":false},"excerpt":{"rendered":"<p>Az\u0259rbaycan.media x\u0259b\u0259r verir ki, Bak\u0131 D\u00f6vl\u0259t Universitetinin Tarix fak\u00fclt\u0259sinin Elmi \u015euras\u0131n\u0131n 26 dekabr 2025-ci il tarixli q\u0259rar\u0131 il\u0259 \u201cD\u00fcnya tarixind\u0259 Az\u0259rbaycan d\u00f6vl\u0259t\u00e7iliyi\u201d adl\u0131 yeni kitab \u00e7apdan \u00e7\u0131x\u0131b. \u018fs\u0259rin m\u00fc\u0259llifi AMEA-n\u0131n&hellip; <\/p>\n","protected":false},"author":537,"featured_media":77166,"comment_status":"closed","ping_status":"closed","sticky":false,"template":"","format":"standard","meta":{"footnotes":""},"categories":[63],"tags":[],"class_list":["post-77165","post","type-post","status-publish","format-standard","has-post-thumbnail","hentry","category-dbiyyat"],"_links":{"self":[{"href":"https:\/\/azerbaycan.media\/index.php?rest_route=\/wp\/v2\/posts\/77165","targetHints":{"allow":["GET"]}}],"collection":[{"href":"https:\/\/azerbaycan.media\/index.php?rest_route=\/wp\/v2\/posts"}],"about":[{"href":"https:\/\/azerbaycan.media\/index.php?rest_route=\/wp\/v2\/types\/post"}],"author":[{"embeddable":true,"href":"https:\/\/azerbaycan.media\/index.php?rest_route=\/wp\/v2\/users\/537"}],"replies":[{"embeddable":true,"href":"https:\/\/azerbaycan.media\/index.php?rest_route=%2Fwp%2Fv2%2Fcomments&post=77165"}],"version-history":[{"count":2,"href":"https:\/\/azerbaycan.media\/index.php?rest_route=\/wp\/v2\/posts\/77165\/revisions"}],"predecessor-version":[{"id":77168,"href":"https:\/\/azerbaycan.media\/index.php?rest_route=\/wp\/v2\/posts\/77165\/revisions\/77168"}],"wp:featuredmedia":[{"embeddable":true,"href":"https:\/\/azerbaycan.media\/index.php?rest_route=\/wp\/v2\/media\/77166"}],"wp:attachment":[{"href":"https:\/\/azerbaycan.media\/index.php?rest_route=%2Fwp%2Fv2%2Fmedia&parent=77165"}],"wp:term":[{"taxonomy":"category","embeddable":true,"href":"https:\/\/azerbaycan.media\/index.php?rest_route=%2Fwp%2Fv2%2Fcategories&post=77165"},{"taxonomy":"post_tag","embeddable":true,"href":"https:\/\/azerbaycan.media\/index.php?rest_route=%2Fwp%2Fv2%2Ftags&post=77165"}],"curies":[{"name":"wp","href":"https:\/\/api.w.org\/{rel}","templated":true}]}}