{"id":77151,"date":"2026-04-29T15:40:27","date_gmt":"2026-04-29T11:40:27","guid":{"rendered":"https:\/\/azerbaycan.media\/?p=77151"},"modified":"2026-04-29T15:40:27","modified_gmt":"2026-04-29T11:40:27","slug":"kur-cayinda-suyun-s%c9%99viyy%c9%99si-artib-sabirabadda-ponton-korpu-siradan-cixib","status":"publish","type":"post","link":"https:\/\/azerbaycan.media\/?p=77151","title":{"rendered":"K\u00fcr \u00e7ay\u0131nda suyun s\u0259viyy\u0259si art\u0131b, Sabirabadda ponton k\u00f6rp\u00fc s\u0131radan \u00e7\u0131x\u0131b"},"content":{"rendered":"<p><strong>Az\u0259rbaycan.media<\/strong> x\u0259b\u0259r verir ki, son g\u00fcnl\u0259r ya\u011fan intensiv ya\u011f\u0131\u015flar n\u0259tic\u0259sind\u0259 K\u00fcr \u00e7ay\u0131nda suyun s\u0259viyy\u0259sinin artmas\u0131 b\u00f6lg\u0259d\u0259 f\u0259sadlara s\u0259b\u0259b olub.<br \/>\nM\u0259lumata g\u00f6r\u0259, Sabirabad rayonunun Ulacal\u0131 k\u0259ndind\u0259 K\u00fcr \u00e7ay\u0131nda suyun y\u00fcks\u0259lm\u0259si n\u0259tic\u0259sind\u0259 Ulacal\u0131 v\u0259 Qruzma k\u0259ndl\u0259rini birl\u0259\u015fdir\u0259n ponton k\u00f6rp\u00fc s\u0131radan \u00e7\u0131x\u0131b.<br \/>\nBununla da k\u0259ndl\u0259r aras\u0131nda n\u0259qliyyat \u0259laq\u0259si m\u00fcv\u0259qq\u0259ti olaraq m\u0259hdudla\u015f\u0131b.<br \/>\nQeyd ed\u0259k ki, b\u00f6lg\u0259d\u0259 m\u00fc\u015fahid\u0259 olunan ya\u011f\u0131nt\u0131lar \u00e7aylarda su s\u0259viyy\u0259sinin y\u00fcks\u0259lm\u0259sin\u0259 v\u0259 b\u0259zi infrastruktur probleml\u0259rin\u0259 s\u0259b\u0259b olub.<\/p>\n","protected":false},"excerpt":{"rendered":"<p>Az\u0259rbaycan.media x\u0259b\u0259r verir ki, son g\u00fcnl\u0259r ya\u011fan intensiv ya\u011f\u0131\u015flar n\u0259tic\u0259sind\u0259 K\u00fcr \u00e7ay\u0131nda suyun s\u0259viyy\u0259sinin artmas\u0131 b\u00f6lg\u0259d\u0259 f\u0259sadlara s\u0259b\u0259b olub. M\u0259lumata g\u00f6r\u0259, Sabirabad rayonunun Ulacal\u0131 k\u0259ndind\u0259 K\u00fcr \u00e7ay\u0131nda suyun y\u00fcks\u0259lm\u0259si n\u0259tic\u0259sind\u0259&hellip; <\/p>\n","protected":false},"author":537,"featured_media":77152,"comment_status":"closed","ping_status":"closed","sticky":false,"template":"","format":"standard","meta":{"footnotes":""},"categories":[62],"tags":[],"class_list":["post-77151","post","type-post","status-publish","format-standard","has-post-thumbnail","hentry","category-hadis"],"_links":{"self":[{"href":"https:\/\/azerbaycan.media\/index.php?rest_route=\/wp\/v2\/posts\/77151","targetHints":{"allow":["GET"]}}],"collection":[{"href":"https:\/\/azerbaycan.media\/index.php?rest_route=\/wp\/v2\/posts"}],"about":[{"href":"https:\/\/azerbaycan.media\/index.php?rest_route=\/wp\/v2\/types\/post"}],"author":[{"embeddable":true,"href":"https:\/\/azerbaycan.media\/index.php?rest_route=\/wp\/v2\/users\/537"}],"replies":[{"embeddable":true,"href":"https:\/\/azerbaycan.media\/index.php?rest_route=%2Fwp%2Fv2%2Fcomments&post=77151"}],"version-history":[{"count":2,"href":"https:\/\/azerbaycan.media\/index.php?rest_route=\/wp\/v2\/posts\/77151\/revisions"}],"predecessor-version":[{"id":77154,"href":"https:\/\/azerbaycan.media\/index.php?rest_route=\/wp\/v2\/posts\/77151\/revisions\/77154"}],"wp:featuredmedia":[{"embeddable":true,"href":"https:\/\/azerbaycan.media\/index.php?rest_route=\/wp\/v2\/media\/77152"}],"wp:attachment":[{"href":"https:\/\/azerbaycan.media\/index.php?rest_route=%2Fwp%2Fv2%2Fmedia&parent=77151"}],"wp:term":[{"taxonomy":"category","embeddable":true,"href":"https:\/\/azerbaycan.media\/index.php?rest_route=%2Fwp%2Fv2%2Fcategories&post=77151"},{"taxonomy":"post_tag","embeddable":true,"href":"https:\/\/azerbaycan.media\/index.php?rest_route=%2Fwp%2Fv2%2Ftags&post=77151"}],"curies":[{"name":"wp","href":"https:\/\/api.w.org\/{rel}","templated":true}]}}