{"id":77146,"date":"2026-04-29T15:33:21","date_gmt":"2026-04-29T11:33:21","guid":{"rendered":"https:\/\/azerbaycan.media\/?p=77146"},"modified":"2026-04-29T15:33:21","modified_gmt":"2026-04-29T11:33:21","slug":"may-ayinin-hava-proqnozu-aciqlandi-temperatur-iqlim-normasina-yaxin-olacaq","status":"publish","type":"post","link":"https:\/\/azerbaycan.media\/?p=77146","title":{"rendered":"May ay\u0131n\u0131n hava proqnozu a\u00e7\u0131qland\u0131 \u2013 Temperatur iqlim normas\u0131na yax\u0131n olacaq"},"content":{"rendered":"<p><strong>Az\u0259rbaycan.media<\/strong> x\u0259b\u0259r verir ki, Milli Hidrometeorologiya Xidm\u0259ti may ay\u0131 \u00fc\u00e7\u00fcn \u00f6lk\u0259 \u00fczr\u0259 hava proqnozunu a\u00e7\u0131qlay\u0131b.<br \/>\nM\u0259lumata \u0259sas\u0259n, bu ilin may ay\u0131nda orta ayl\u0131q temperaturun iqlim normas\u0131na yax\u0131n, b\u0259zi \u0259razil\u0259rd\u0259 is\u0259 bir q\u0259d\u0259r y\u00fcks\u0259k olaca\u011f\u0131 g\u00f6zl\u0259nilir. Ayl\u0131q ya\u011f\u0131nt\u0131n\u0131n miqdar\u0131n\u0131n is\u0259 \u0259sas\u0259n normaya yax\u0131n olaca\u011f\u0131, lakin ayr\u0131-ayr\u0131 g\u00fcnl\u0259rd\u0259 intensiv ya\u011f\u0131\u015flar\u0131n m\u00fc\u015fahid\u0259 edil\u0259 bil\u0259c\u0259yi bildirilib.<br \/>\nBak\u0131 v\u0259 Ab\u015feron<br \/>\nBak\u0131da v\u0259 Ab\u015feron yar\u0131madas\u0131nda orta ayl\u0131q temperaturun 18\u201320\u00b0C olaca\u011f\u0131, g\u00fcnd\u00fczl\u0259r is\u0259 b\u0259zi g\u00fcnl\u0259rd\u0259 havan\u0131n 27\u201332\u00b0C-y\u0259 q\u0259d\u0259r y\u00fcks\u0259l\u0259c\u0259yi proqnozla\u015fd\u0131r\u0131l\u0131r. Ayl\u0131q ya\u011f\u0131nt\u0131n\u0131n 18\u201321 mm civar\u0131nda olaca\u011f\u0131 g\u00f6zl\u0259nilir.<br \/>\nRegionlarda hava \u015f\u0259raiti<br \/>\nNax\u00e7\u0131van Muxtar Respublikas\u0131nda temperaturun 18\u201322\u00b0C aras\u0131nda d\u0259yi\u015f\u0259c\u0259yi, b\u0259zi g\u00fcnl\u0259rd\u0259 35\u00b0C-y\u0259 q\u0259d\u0259r isti ke\u00e7\u0259c\u0259yi ehtimal olunur.<br \/>\nDa\u011fl\u0131q v\u0259 da\u011f\u0259t\u0259yi rayonlarda \u2013 Xank\u0259ndi, \u015eu\u015fa, K\u0259lb\u0259c\u0259r v\u0259 dig\u0259r \u0259razil\u0259rd\u0259 orta temperatur 14\u201318\u00b0C olacaq, b\u0259zi g\u00fcnl\u0259rd\u0259 is\u0259 30\u00b0C-y\u0259 yax\u0131n isti hava m\u00fc\u015fahid\u0259 edil\u0259 bil\u0259r.<br \/>\nQ\u0259rb v\u0259 \u015fimal-q\u0259rb rayonlar\u0131nda (G\u0259nc\u0259, \u015e\u0259mkir, Qax, \u015e\u0259ki v\u0259 s.) temperaturun 16\u201321\u00b0C aras\u0131nda d\u0259yi\u015f\u0259c\u0259yi, b\u0259zi g\u00fcnl\u0259rd\u0259 is\u0259 30\u201335\u00b0C isti olaca\u011f\u0131 bildirilir.<br \/>\nC\u0259nub b\u00f6lg\u0259sind\u0259 (L\u0259nk\u0259ran, Astara, Masall\u0131 v\u0259 s.) orta ayl\u0131q temperaturun 17\u201320\u00b0C olaca\u011f\u0131, ayr\u0131-ayr\u0131 g\u00fcnl\u0259rd\u0259 34\u00b0C-y\u0259 q\u0259d\u0259r istilik g\u00f6zl\u0259nildiyi qeyd olunur.<br \/>\nYa\u011f\u0131nt\u0131lar<br \/>\nXidm\u0259td\u0259n bildirilib ki, \u00f6lk\u0259nin \u0259ks\u0259r \u0259razil\u0259rind\u0259 ya\u011f\u0131nt\u0131lar\u0131n miqdar\u0131 normaya yax\u0131n olacaq. Lakin b\u0259zi b\u00f6lg\u0259l\u0259rd\u0259, x\u00fcsusil\u0259 da\u011fl\u0131q \u0259razil\u0259rd\u0259 ya\u011f\u0131nt\u0131n\u0131n normadan bir q\u0259d\u0259r \u00e7ox olmas\u0131 ehtimal edilir.<br \/>\nQeyd ed\u0259k ki, ay\u0131n ilk ong\u00fcnl\u00fcy\u00fcnd\u0259n sonra b\u0259zi rayonlarda ya\u011f\u0131nt\u0131lar\u0131n intensivl\u0259\u015fm\u0259si d\u0259 istisna edilmir.<\/p>\n","protected":false},"excerpt":{"rendered":"<p>Az\u0259rbaycan.media x\u0259b\u0259r verir ki, Milli Hidrometeorologiya Xidm\u0259ti may ay\u0131 \u00fc\u00e7\u00fcn \u00f6lk\u0259 \u00fczr\u0259 hava proqnozunu a\u00e7\u0131qlay\u0131b. M\u0259lumata \u0259sas\u0259n, bu ilin may ay\u0131nda orta ayl\u0131q temperaturun iqlim normas\u0131na yax\u0131n, b\u0259zi \u0259razil\u0259rd\u0259 is\u0259&hellip; <\/p>\n","protected":false},"author":537,"featured_media":77148,"comment_status":"closed","ping_status":"closed","sticky":false,"template":"","format":"standard","meta":{"footnotes":""},"categories":[75],"tags":[],"class_list":["post-77146","post","type-post","status-publish","format-standard","has-post-thumbnail","hentry","category-xbrlr"],"_links":{"self":[{"href":"https:\/\/azerbaycan.media\/index.php?rest_route=\/wp\/v2\/posts\/77146","targetHints":{"allow":["GET"]}}],"collection":[{"href":"https:\/\/azerbaycan.media\/index.php?rest_route=\/wp\/v2\/posts"}],"about":[{"href":"https:\/\/azerbaycan.media\/index.php?rest_route=\/wp\/v2\/types\/post"}],"author":[{"embeddable":true,"href":"https:\/\/azerbaycan.media\/index.php?rest_route=\/wp\/v2\/users\/537"}],"replies":[{"embeddable":true,"href":"https:\/\/azerbaycan.media\/index.php?rest_route=%2Fwp%2Fv2%2Fcomments&post=77146"}],"version-history":[{"count":2,"href":"https:\/\/azerbaycan.media\/index.php?rest_route=\/wp\/v2\/posts\/77146\/revisions"}],"predecessor-version":[{"id":77150,"href":"https:\/\/azerbaycan.media\/index.php?rest_route=\/wp\/v2\/posts\/77146\/revisions\/77150"}],"wp:featuredmedia":[{"embeddable":true,"href":"https:\/\/azerbaycan.media\/index.php?rest_route=\/wp\/v2\/media\/77148"}],"wp:attachment":[{"href":"https:\/\/azerbaycan.media\/index.php?rest_route=%2Fwp%2Fv2%2Fmedia&parent=77146"}],"wp:term":[{"taxonomy":"category","embeddable":true,"href":"https:\/\/azerbaycan.media\/index.php?rest_route=%2Fwp%2Fv2%2Fcategories&post=77146"},{"taxonomy":"post_tag","embeddable":true,"href":"https:\/\/azerbaycan.media\/index.php?rest_route=%2Fwp%2Fv2%2Ftags&post=77146"}],"curies":[{"name":"wp","href":"https:\/\/api.w.org\/{rel}","templated":true}]}}