{"id":77142,"date":"2026-04-29T15:26:10","date_gmt":"2026-04-29T11:26:10","guid":{"rendered":"https:\/\/azerbaycan.media\/?p=77142"},"modified":"2026-04-29T15:26:10","modified_gmt":"2026-04-29T11:26:10","slug":"az%c9%99rbaycan-iran-s%c9%99rh%c9%99dind%c9%99-yeni-kecid-m%c9%99nt%c9%99q%c9%99si-istifad%c9%99y%c9%99-veril%c9%99c%c9%99k","status":"publish","type":"post","link":"https:\/\/azerbaycan.media\/?p=77142","title":{"rendered":"Az\u0259rbaycan\u2013\u0130ran s\u0259rh\u0259dind\u0259 yeni ke\u00e7id m\u0259nt\u0259q\u0259si istifad\u0259y\u0259 veril\u0259c\u0259k"},"content":{"rendered":"<p><strong>Az\u0259rbaycan.media<\/strong> x\u0259b\u0259r verir ki, Az\u0259rbaycan\u2013\u0130ran s\u0259rh\u0259dind\u0259 yeni g\u00f6mr\u00fck ke\u00e7id m\u0259nt\u0259q\u0259sinin istifad\u0259y\u0259 verilm\u0259si planla\u015fd\u0131r\u0131l\u0131r.<br \/>\nBu bar\u0259d\u0259 Milli M\u0259clisin \u0130qtisadi siyas\u0259t, s\u0259naye v\u0259 sahibkarl\u0131q komit\u0259sinin bu g\u00fcn ke\u00e7iril\u0259n iclas\u0131nda D\u00f6vl\u0259t G\u00f6mr\u00fck Komit\u0259sinin s\u0259dri \u015eahin Ba\u011f\u0131rov m\u0259lumat verib.<br \/>\nO bildirib ki, son ill\u0259rd\u0259 \u00f6lk\u0259d\u0259 bir s\u0131ra g\u00f6mr\u00fck ke\u00e7id m\u0259nt\u0259q\u0259l\u0259rinin infrastrukturu m\u00fcasirl\u0259\u015fdirilir v\u0259 s\u0259rh\u0259d-ke\u00e7id imkanlar\u0131 geni\u015fl\u0259ndirilir:<br \/>\n\u201cBu yax\u0131nlarda \u0130ranla s\u0259rh\u0259dd\u0259 \u2018A\u011fb\u0259nd\u2019 ke\u00e7id m\u0259nt\u0259q\u0259si in\u015fa olunacaq. Haz\u0131rda burada intensiv tikinti i\u015fl\u0259ri apar\u0131l\u0131r v\u0259 i\u015fl\u0259rin yax\u0131n vaxtlarda yekunla\u015fd\u0131r\u0131lmas\u0131 n\u0259z\u0259rd\u0259 tutulur. Eyni zamanda piyadalar\u0131n rahat ke\u00e7idi \u00fc\u00e7\u00fcn d\u0259 z\u0259ruri \u015f\u0259rait yarad\u0131lacaq\u201d, \u2013 dey\u0259 DGK s\u0259dri qeyd edib.<\/p>\n","protected":false},"excerpt":{"rendered":"<p>Az\u0259rbaycan.media x\u0259b\u0259r verir ki, Az\u0259rbaycan\u2013\u0130ran s\u0259rh\u0259dind\u0259 yeni g\u00f6mr\u00fck ke\u00e7id m\u0259nt\u0259q\u0259sinin istifad\u0259y\u0259 verilm\u0259si planla\u015fd\u0131r\u0131l\u0131r. Bu bar\u0259d\u0259 Milli M\u0259clisin \u0130qtisadi siyas\u0259t, s\u0259naye v\u0259 sahibkarl\u0131q komit\u0259sinin bu g\u00fcn ke\u00e7iril\u0259n iclas\u0131nda D\u00f6vl\u0259t G\u00f6mr\u00fck Komit\u0259sinin&hellip; <\/p>\n","protected":false},"author":537,"featured_media":77143,"comment_status":"closed","ping_status":"closed","sticky":false,"template":"","format":"standard","meta":{"footnotes":""},"categories":[75],"tags":[],"class_list":["post-77142","post","type-post","status-publish","format-standard","has-post-thumbnail","hentry","category-xbrlr"],"_links":{"self":[{"href":"https:\/\/azerbaycan.media\/index.php?rest_route=\/wp\/v2\/posts\/77142","targetHints":{"allow":["GET"]}}],"collection":[{"href":"https:\/\/azerbaycan.media\/index.php?rest_route=\/wp\/v2\/posts"}],"about":[{"href":"https:\/\/azerbaycan.media\/index.php?rest_route=\/wp\/v2\/types\/post"}],"author":[{"embeddable":true,"href":"https:\/\/azerbaycan.media\/index.php?rest_route=\/wp\/v2\/users\/537"}],"replies":[{"embeddable":true,"href":"https:\/\/azerbaycan.media\/index.php?rest_route=%2Fwp%2Fv2%2Fcomments&post=77142"}],"version-history":[{"count":2,"href":"https:\/\/azerbaycan.media\/index.php?rest_route=\/wp\/v2\/posts\/77142\/revisions"}],"predecessor-version":[{"id":77145,"href":"https:\/\/azerbaycan.media\/index.php?rest_route=\/wp\/v2\/posts\/77142\/revisions\/77145"}],"wp:featuredmedia":[{"embeddable":true,"href":"https:\/\/azerbaycan.media\/index.php?rest_route=\/wp\/v2\/media\/77143"}],"wp:attachment":[{"href":"https:\/\/azerbaycan.media\/index.php?rest_route=%2Fwp%2Fv2%2Fmedia&parent=77142"}],"wp:term":[{"taxonomy":"category","embeddable":true,"href":"https:\/\/azerbaycan.media\/index.php?rest_route=%2Fwp%2Fv2%2Fcategories&post=77142"},{"taxonomy":"post_tag","embeddable":true,"href":"https:\/\/azerbaycan.media\/index.php?rest_route=%2Fwp%2Fv2%2Ftags&post=77142"}],"curies":[{"name":"wp","href":"https:\/\/api.w.org\/{rel}","templated":true}]}}