{"id":77138,"date":"2026-04-29T15:23:31","date_gmt":"2026-04-29T11:23:31","guid":{"rendered":"https:\/\/azerbaycan.media\/?p=77138"},"modified":"2026-04-29T15:23:31","modified_gmt":"2026-04-29T11:23:31","slug":"fatma-mahmudova-s%c9%99hh%c9%99tind%c9%99n-danisdi-xalq-artisti-mualic%c9%99-ucun-d%c9%99st%c9%99k-gozl%c9%99yir","status":"publish","type":"post","link":"https:\/\/azerbaycan.media\/?p=77138","title":{"rendered":"Fatma Mahmudova s\u0259hh\u0259tind\u0259n dan\u0131\u015fd\u0131 \u2013 Xalq artisti m\u00fcalic\u0259 \u00fc\u00e7\u00fcn d\u0259st\u0259k g\u00f6zl\u0259yir"},"content":{"rendered":"<p><strong>Az\u0259rbaycan.media<\/strong> x\u0259b\u0259r verir ki, Xalq artisti Fatma Mahmudova s\u0259hh\u0259tind\u0259 ya\u015fad\u0131\u011f\u0131 probleml\u0259r v\u0259 uzun s\u00fcr\u0259n m\u00fcalic\u0259 prosesi bar\u0259d\u0259 a\u00e7\u0131qlama verib.<br \/>\nS\u0259n\u0259t\u00e7i bildirib ki, s\u0259hh\u0259ti \u0259vv\u0259lki kimi deyil v\u0259 art\u0131q bir ild\u0259n \u00e7oxdur x\u0259st\u0259likl\u0259 m\u00fcbariz\u0259 apar\u0131r:<br \/>\n\u201c\u018fvv\u0259lki kimi g\u00fcc\u00fcm, q\u00fcvv\u0259tim yoxdur. M\u00fcalic\u0259m h\u0259l\u0259 d\u0259 davam edir. D\u00fcz bir il yar\u0131md\u0131r ki, x\u0259st\u0259likd\u0259n \u0259ziyy\u0259t \u00e7\u0259kir\u0259m\u201d.<br \/>\nUzun fasil\u0259d\u0259n sonra s\u0259hn\u0259y\u0259 qay\u0131tma\u011fa haz\u0131rla\u015fan Xalq artisti Az\u0259rbaycan D\u00f6vl\u0259t Akademik Musiqili Teatr\u0131nda iki tama\u015fada rol alaca\u011f\u0131n\u0131 deyib. Onun s\u00f6zl\u0259rin\u0259 g\u00f6r\u0259, \u201c\u018fr v\u0259 arvad\u201d tama\u015fas\u0131nda may\u0131n 1-d\u0259 epizodik rol ifa ed\u0259c\u0259k, may\u0131n 3-d\u0259 is\u0259 \u201cBe\u015f manatl\u0131q g\u0259lin\u201d tama\u015fas\u0131 il\u0259 s\u0259hn\u0259y\u0259 \u00e7\u0131xacaq.<br \/>\nFatma Mahmudova h\u0259m\u00e7inin m\u00fcalic\u0259 x\u0259rcl\u0259rinin y\u00fcks\u0259k oldu\u011funu vur\u011fulay\u0131b v\u0259 bu s\u0259b\u0259bd\u0259n Heyd\u0259r \u018fliyev Fonduna m\u00fcraci\u0259t etm\u0259yi planla\u015fd\u0131rd\u0131\u011f\u0131n\u0131 bildirib:<br \/>\n\u201cD\u0259rmanlar\u0131m \u00e7ox bahad\u0131r. He\u00e7 bir k\u00f6m\u0259yim yoxdur, maa\u015f v\u0259 t\u0259qa\u00fcdl\u0259 dolan\u0131ram. \u00dcmid edir\u0259m ki, Heyd\u0259r \u018fliyev Fondu m\u0259n\u0259 d\u0259st\u0259k olar. 57 ildir s\u0259hn\u0259d\u0259y\u0259m, xidm\u0259tl\u0259rim olub. Bunlar\u0131n n\u0259z\u0259r\u0259 al\u0131naca\u011f\u0131na inan\u0131ram\u201d.<br \/>\nQeyd ed\u0259k ki, Xalq artisti \u00f6t\u0259n ilin yanvar\u0131nda insult ke\u00e7irmi\u015f, daha sonra m\u00fcalic\u0259 olunmu\u015fdu. May ay\u0131nda is\u0259 onun qolu s\u0131nm\u0131\u015fd\u0131.<\/p>\n","protected":false},"excerpt":{"rendered":"<p>Az\u0259rbaycan.media x\u0259b\u0259r verir ki, Xalq artisti Fatma Mahmudova s\u0259hh\u0259tind\u0259 ya\u015fad\u0131\u011f\u0131 probleml\u0259r v\u0259 uzun s\u00fcr\u0259n m\u00fcalic\u0259 prosesi bar\u0259d\u0259 a\u00e7\u0131qlama verib. S\u0259n\u0259t\u00e7i bildirib ki, s\u0259hh\u0259ti \u0259vv\u0259lki kimi deyil v\u0259 art\u0131q bir ild\u0259n&hellip; <\/p>\n","protected":false},"author":537,"featured_media":77139,"comment_status":"closed","ping_status":"closed","sticky":false,"template":"","format":"standard","meta":{"footnotes":""},"categories":[57],"tags":[],"class_list":["post-77138","post","type-post","status-publish","format-standard","has-post-thumbnail","hentry","category-mdniyyt"],"_links":{"self":[{"href":"https:\/\/azerbaycan.media\/index.php?rest_route=\/wp\/v2\/posts\/77138","targetHints":{"allow":["GET"]}}],"collection":[{"href":"https:\/\/azerbaycan.media\/index.php?rest_route=\/wp\/v2\/posts"}],"about":[{"href":"https:\/\/azerbaycan.media\/index.php?rest_route=\/wp\/v2\/types\/post"}],"author":[{"embeddable":true,"href":"https:\/\/azerbaycan.media\/index.php?rest_route=\/wp\/v2\/users\/537"}],"replies":[{"embeddable":true,"href":"https:\/\/azerbaycan.media\/index.php?rest_route=%2Fwp%2Fv2%2Fcomments&post=77138"}],"version-history":[{"count":2,"href":"https:\/\/azerbaycan.media\/index.php?rest_route=\/wp\/v2\/posts\/77138\/revisions"}],"predecessor-version":[{"id":77141,"href":"https:\/\/azerbaycan.media\/index.php?rest_route=\/wp\/v2\/posts\/77138\/revisions\/77141"}],"wp:featuredmedia":[{"embeddable":true,"href":"https:\/\/azerbaycan.media\/index.php?rest_route=\/wp\/v2\/media\/77139"}],"wp:attachment":[{"href":"https:\/\/azerbaycan.media\/index.php?rest_route=%2Fwp%2Fv2%2Fmedia&parent=77138"}],"wp:term":[{"taxonomy":"category","embeddable":true,"href":"https:\/\/azerbaycan.media\/index.php?rest_route=%2Fwp%2Fv2%2Fcategories&post=77138"},{"taxonomy":"post_tag","embeddable":true,"href":"https:\/\/azerbaycan.media\/index.php?rest_route=%2Fwp%2Fv2%2Ftags&post=77138"}],"curies":[{"name":"wp","href":"https:\/\/api.w.org\/{rel}","templated":true}]}}