{"id":77121,"date":"2026-04-29T14:55:23","date_gmt":"2026-04-29T10:55:23","guid":{"rendered":"https:\/\/azerbaycan.media\/?p=77121"},"modified":"2026-04-29T15:00:20","modified_gmt":"2026-04-29T11:00:20","slug":"bil%c9%99suvar-g%c9%99ncl%c9%99ri-ucun-levelup-karyera-forumu-kecirilib","status":"publish","type":"post","link":"https:\/\/azerbaycan.media\/?p=77121","title":{"rendered":"<span style=\"color:red\">Bil\u0259suvar g\u0259ncl\u0259ri \u00fc\u00e7\u00fcn \u201cLevelUP\u201d Karyera Forumu ke\u00e7irilib<\/span>"},"content":{"rendered":"<p>&nbsp;<\/p>\n<p>28 aprel 2026-c\u0131 il tarixind\u0259 G\u0259ncl\u0259rin \u0130nki\u015faf v\u0259 Karyera M\u0259rk\u0259zinin \u015eirvan-Salyan regional n\u00fcmay\u0259nd\u0259liyinin t\u0259\u015fkilat\u00e7\u0131l\u0131\u011f\u0131, \u015eirvan-Salyan Regional T\u0259hsil \u0130dar\u0259sinin Bil\u0259suvar rayonu \u00fczr\u0259 t\u0259hsil sektorunun v\u0259 Bil\u0259suvar rayon Heyd\u0259r \u018fliyev M\u0259rk\u0259zinin t\u0259r\u0259fda\u015fl\u0131\u011f\u0131 il\u0259 \u201cKaryera planla\u015fd\u0131r\u0131lmas\u0131 v\u0259 d\u00fczg\u00fcn pe\u015f\u0259-ixtisas se\u00e7imi\u201d m\u00f6vzusunda \u201cLevelUP\u201d karyera forumu ke\u00e7irilib.<\/p>\n<p>Forumun \u0259sas m\u0259qs\u0259di g\u0259ncl\u0259rin karyera planla\u015fd\u0131r\u0131lmas\u0131 prosesind\u0259 d\u00fczg\u00fcn istiqam\u0259t se\u00e7m\u0259l\u0259rin\u0259 d\u0259st\u0259k olmaq, pe\u015f\u0259 v\u0259 ixtisas se\u00e7iminin \u0259h\u0259miyy\u0259tini izah etm\u0259k, el\u0259c\u0259 d\u0259 \u0259m\u0259k bazar\u0131n\u0131n t\u0259l\u0259bl\u0259rin\u0259 uy\u011fun inki\u015faf yollar\u0131n\u0131 t\u0259qdim etm\u0259k olub.<\/p>\n<p>T\u0259dbirin a\u00e7\u0131l\u0131\u015f m\u0259rasimind\u0259 \u00e7\u0131x\u0131\u015f ed\u0259nl\u0259r &#8211; Bil\u0259suvar rayon \u0130cra Hakimiyy\u0259tinin \u0130ctimai-siyasi v\u0259 humanitar m\u0259s\u0259l\u0259l\u0259r sektorunun m\u00fcdiri Ziya Qurbanov, \u015eirvan-Salyan Regional T\u0259hsil \u0130dar\u0259si Bil\u0259suvar rayonu \u00fczr\u0259 t\u0259hsil sektorunun m\u00fcdiri M\u00fc\u015ffiq Dada\u015fov, G\u0130KM-in \u015eirvan-Salyan regional n\u00fcmay\u0259nd\u0259liyinin koordinatoru \u0130smay\u0131l A\u011facanl\u0131 bildiribl\u0259r ki, Ulu \u00d6nd\u0259r Heyd\u0259r \u018fliyev t\u0259r\u0259find\u0259n \u0259sas\u0131 qoyulan d\u00f6vl\u0259t g\u0259ncl\u0259r siyas\u0259ti bu g\u00fcn u\u011furla davam etdirilir v\u0259 g\u0259ncl\u0259rin h\u0259rt\u0259r\u0259fli inki\u015faf\u0131 daim diqq\u0259t m\u0259rk\u0259zind\u0259 saxlan\u0131l\u0131r. Qeyd olunub ki, d\u00f6vl\u0259t t\u0259r\u0259find\u0259n g\u0259ncl\u0259r\u0259 g\u00f6st\u0259ril\u0259n diqq\u0259t onlar\u0131n h\u0259m d\u00fczg\u00fcn pe\u015f\u0259 se\u00e7imin\u0259, h\u0259m d\u0259 g\u0259l\u0259c\u0259k u\u011furlu karyera quruculu\u011funa m\u00fch\u00fcm t\u00f6hf\u0259 verir.<\/p>\n<p>Forum Bil\u0259suvar rayon Heyd\u0259r \u018fliyev M\u0259rk\u0259zinin \u0259m\u0259kda\u015f\u0131 Zahid\u0259 Heyd\u0259rovan\u0131n moderatorlu\u011fu il\u0259 ke\u00e7iril\u0259n panel m\u00fczakir\u0259si il\u0259 davam edib. Paneld\u0259 Bil\u0259suvar rayon Yuxar\u0131 C\u00fcr\u0259li k\u0259nd tam orta \u00fcmumt\u0259hsil m\u0259kt\u0259binin ingilis dili m\u00fc\u0259llimi, beyn\u0259lxalq t\u0259hsil eksperti v\u0259 t\u0259lim\u00e7i Az\u0259r \u018fliyev, Bil\u0259suvar Pe\u015f\u0259 Liseyinin direktoru N\u0259rmin Muradl\u0131, Az\u0259rbaycan\u0131n Milli Q\u0259hr\u0259man\u0131 M\u00fcbariz \u0130brahimov ad\u0131na Bil\u0259suvar Ba\u011f\u00e7a-M\u0259kt\u0259b-Lisey Kompleksinin milli v\u0259 beyn\u0259lxalq Kembric sinifl\u0259rind\u0259 co\u011frafiya m\u00fc\u0259llimi, ixtisas se\u00e7imi \u00fczr\u0259 m\u00fct\u0259x\u0259ssis Af\u0259rin \u015eirinov \u00e7\u0131x\u0131\u015f edibl\u0259r.<\/p>\n<p>\u00c7\u0131x\u0131\u015flarda \u0259sas\u0259n d\u00fczg\u00fcn karyera planla\u015fd\u0131r\u0131lmas\u0131n\u0131n v\u0259 pe\u015f\u0259-ixtisas se\u00e7iminin vacibliyi vur\u011fulan\u0131b. Qeyd olunub ki, g\u0259ncl\u0259rin maraq v\u0259 bacar\u0131qlar\u0131na uy\u011fun sah\u0259 se\u00e7m\u0259si onlar\u0131n g\u0259l\u0259c\u0259k u\u011furunun \u0259sas\u0131n\u0131 t\u0259\u015fkil edir. Spikerl\u0259r \u00f6z t\u0259cr\u00fcb\u0259l\u0259rini b\u00f6l\u00fc\u015f\u0259r\u0259k, ixtisas se\u00e7imi zaman\u0131 diqq\u0259t edilm\u0259li m\u0259qamlar, \u0259m\u0259k bazar\u0131n\u0131n t\u0259l\u0259bl\u0259rin\u0259 uy\u011fun pe\u015f\u0259l\u0259rin m\u00fc\u0259yy\u0259nl\u0259\u015fdirilm\u0259si v\u0259 \u015f\u0259xsi inki\u015faf\u0131n rolu bar\u0259d\u0259 \u0259trafl\u0131 m\u0259lumat veribl\u0259r.<\/p>\n<p>Panel m\u00fczakir\u0259d\u0259n sonra Az\u0259rbaycan Respublikas\u0131n\u0131n Ki\u00e7ik v\u0259 Orta Biznesin \u0130nki\u015faf\u0131 Agentliyinin Bil\u0259suvar KOB Dostu Elm\u0259ddin \u018fliyev \u00e7\u0131x\u0131\u015f ed\u0259r\u0259k g\u0259ncl\u0259rin regionda m\u0259\u015f\u011fulluq imkanlar\u0131n\u0131n geni\u015fl\u0259ndirilm\u0259si, sahibkarl\u0131q f\u0259aliyy\u0259tin\u0259 \u00e7\u0131x\u0131\u015f imkanlar\u0131 v\u0259 g\u0259ncl\u0259r \u00fc\u00e7\u00fcn elan olunan qrant m\u00fcsabiq\u0259l\u0259rind\u0259 i\u015ftirak qaydalar\u0131 bar\u0259d\u0259 \u0259trafl\u0131 m\u0259lumat verib.<\/p>\n<p>T\u0259dbir interaktiv m\u00fczakir\u0259l\u0259rl\u0259 davam edib, i\u015ftirak\u00e7\u0131lar\u0131 maraqland\u0131ran suallar cavabland\u0131r\u0131l\u0131b v\u0259 g\u0259ncl\u0259r\u0259 d\u00fczg\u00fcn pe\u015f\u0259-ixtisas se\u00e7imi il\u0259 ba\u011fl\u0131 faydal\u0131 t\u00f6vsiy\u0259l\u0259r verilib.<\/p>\n<p>&nbsp;<\/p>\n<p><img loading=\"lazy\" decoding=\"async\" class=\"alignnone wp-image-77123\" src=\"https:\/\/azerbaycan.media\/wp-content\/uploads\/2026\/04\/WhatsApp-Image-2026-04-29-at-14.14.07-1024x683.jpeg\" alt=\"\" width=\"351\" height=\"234\" srcset=\"https:\/\/azerbaycan.media\/wp-content\/uploads\/2026\/04\/WhatsApp-Image-2026-04-29-at-14.14.07-1024x683.jpeg 1024w, https:\/\/azerbaycan.media\/wp-content\/uploads\/2026\/04\/WhatsApp-Image-2026-04-29-at-14.14.07-768x512.jpeg 768w, https:\/\/azerbaycan.media\/wp-content\/uploads\/2026\/04\/WhatsApp-Image-2026-04-29-at-14.14.07.jpeg 1280w\" sizes=\"auto, (max-width: 351px) 100vw, 351px\" \/> <img loading=\"lazy\" decoding=\"async\" class=\"alignnone wp-image-77125\" src=\"https:\/\/azerbaycan.media\/wp-content\/uploads\/2026\/04\/WhatsApp-Image-2026-04-29-at-14.14.08-1024x683.jpeg\" alt=\"\" width=\"350\" height=\"233\" srcset=\"https:\/\/azerbaycan.media\/wp-content\/uploads\/2026\/04\/WhatsApp-Image-2026-04-29-at-14.14.08-1024x683.jpeg 1024w, https:\/\/azerbaycan.media\/wp-content\/uploads\/2026\/04\/WhatsApp-Image-2026-04-29-at-14.14.08-768x512.jpeg 768w, https:\/\/azerbaycan.media\/wp-content\/uploads\/2026\/04\/WhatsApp-Image-2026-04-29-at-14.14.08.jpeg 1280w\" sizes=\"auto, (max-width: 350px) 100vw, 350px\" \/> <img loading=\"lazy\" decoding=\"async\" class=\"alignnone wp-image-77126\" src=\"https:\/\/azerbaycan.media\/wp-content\/uploads\/2026\/04\/WhatsApp-Image-2026-04-29-at-14.14.11-1024x683.jpeg\" alt=\"\" width=\"350\" height=\"233\" srcset=\"https:\/\/azerbaycan.media\/wp-content\/uploads\/2026\/04\/WhatsApp-Image-2026-04-29-at-14.14.11-1024x683.jpeg 1024w, https:\/\/azerbaycan.media\/wp-content\/uploads\/2026\/04\/WhatsApp-Image-2026-04-29-at-14.14.11-768x512.jpeg 768w, https:\/\/azerbaycan.media\/wp-content\/uploads\/2026\/04\/WhatsApp-Image-2026-04-29-at-14.14.11.jpeg 1280w\" sizes=\"auto, (max-width: 350px) 100vw, 350px\" \/> <img loading=\"lazy\" decoding=\"async\" class=\"alignnone wp-image-77127\" src=\"https:\/\/azerbaycan.media\/wp-content\/uploads\/2026\/04\/WhatsApp-Image-2026-04-29-at-14.14.12-1024x683.jpeg\" alt=\"\" width=\"350\" height=\"233\" srcset=\"https:\/\/azerbaycan.media\/wp-content\/uploads\/2026\/04\/WhatsApp-Image-2026-04-29-at-14.14.12-1024x683.jpeg 1024w, https:\/\/azerbaycan.media\/wp-content\/uploads\/2026\/04\/WhatsApp-Image-2026-04-29-at-14.14.12-768x512.jpeg 768w, https:\/\/azerbaycan.media\/wp-content\/uploads\/2026\/04\/WhatsApp-Image-2026-04-29-at-14.14.12.jpeg 1280w\" sizes=\"auto, (max-width: 350px) 100vw, 350px\" \/> <img loading=\"lazy\" decoding=\"async\" class=\"alignnone wp-image-77128\" src=\"https:\/\/azerbaycan.media\/wp-content\/uploads\/2026\/04\/WhatsApp-Image-2026-04-29-at-14.14.06-1024x683.jpeg\" alt=\"\" width=\"350\" height=\"233\" srcset=\"https:\/\/azerbaycan.media\/wp-content\/uploads\/2026\/04\/WhatsApp-Image-2026-04-29-at-14.14.06-1024x683.jpeg 1024w, https:\/\/azerbaycan.media\/wp-content\/uploads\/2026\/04\/WhatsApp-Image-2026-04-29-at-14.14.06-768x512.jpeg 768w, https:\/\/azerbaycan.media\/wp-content\/uploads\/2026\/04\/WhatsApp-Image-2026-04-29-at-14.14.06.jpeg 1280w\" sizes=\"auto, (max-width: 350px) 100vw, 350px\" \/> <img loading=\"lazy\" decoding=\"async\" class=\"alignnone wp-image-77129\" src=\"https:\/\/azerbaycan.media\/wp-content\/uploads\/2026\/04\/WhatsApp-Image-2026-04-29-at-14.14.16-1024x683.jpeg\" alt=\"\" width=\"350\" height=\"233\" srcset=\"https:\/\/azerbaycan.media\/wp-content\/uploads\/2026\/04\/WhatsApp-Image-2026-04-29-at-14.14.16-1024x683.jpeg 1024w, https:\/\/azerbaycan.media\/wp-content\/uploads\/2026\/04\/WhatsApp-Image-2026-04-29-at-14.14.16-768x512.jpeg 768w, https:\/\/azerbaycan.media\/wp-content\/uploads\/2026\/04\/WhatsApp-Image-2026-04-29-at-14.14.16.jpeg 1280w\" sizes=\"auto, (max-width: 350px) 100vw, 350px\" \/> <img loading=\"lazy\" decoding=\"async\" class=\"alignnone wp-image-77130\" src=\"https:\/\/azerbaycan.media\/wp-content\/uploads\/2026\/04\/WhatsApp-Image-2026-04-29-at-14.14.15-1024x683.jpeg\" alt=\"\" width=\"350\" height=\"233\" srcset=\"https:\/\/azerbaycan.media\/wp-content\/uploads\/2026\/04\/WhatsApp-Image-2026-04-29-at-14.14.15-1024x683.jpeg 1024w, https:\/\/azerbaycan.media\/wp-content\/uploads\/2026\/04\/WhatsApp-Image-2026-04-29-at-14.14.15-768x512.jpeg 768w, https:\/\/azerbaycan.media\/wp-content\/uploads\/2026\/04\/WhatsApp-Image-2026-04-29-at-14.14.15.jpeg 1280w\" sizes=\"auto, (max-width: 350px) 100vw, 350px\" \/> <img loading=\"lazy\" decoding=\"async\" class=\"alignnone wp-image-77131\" src=\"https:\/\/azerbaycan.media\/wp-content\/uploads\/2026\/04\/WhatsApp-Image-2026-04-29-at-14.14.10-1024x683.jpeg\" alt=\"\" width=\"341\" height=\"227\" srcset=\"https:\/\/azerbaycan.media\/wp-content\/uploads\/2026\/04\/WhatsApp-Image-2026-04-29-at-14.14.10-1024x683.jpeg 1024w, https:\/\/azerbaycan.media\/wp-content\/uploads\/2026\/04\/WhatsApp-Image-2026-04-29-at-14.14.10-768x512.jpeg 768w, https:\/\/azerbaycan.media\/wp-content\/uploads\/2026\/04\/WhatsApp-Image-2026-04-29-at-14.14.10.jpeg 1280w\" sizes=\"auto, (max-width: 341px) 100vw, 341px\" \/> <img loading=\"lazy\" decoding=\"async\" class=\"alignnone wp-image-77132\" src=\"https:\/\/azerbaycan.media\/wp-content\/uploads\/2026\/04\/WhatsApp-Image-2026-04-29-at-14.14.09-1024x683.jpeg\" alt=\"\" width=\"351\" height=\"234\" srcset=\"https:\/\/azerbaycan.media\/wp-content\/uploads\/2026\/04\/WhatsApp-Image-2026-04-29-at-14.14.09-1024x683.jpeg 1024w, https:\/\/azerbaycan.media\/wp-content\/uploads\/2026\/04\/WhatsApp-Image-2026-04-29-at-14.14.09-768x512.jpeg 768w, https:\/\/azerbaycan.media\/wp-content\/uploads\/2026\/04\/WhatsApp-Image-2026-04-29-at-14.14.09.jpeg 1280w\" sizes=\"auto, (max-width: 351px) 100vw, 351px\" \/><img loading=\"lazy\" decoding=\"async\" class=\"alignnone wp-image-77135\" src=\"https:\/\/azerbaycan.media\/wp-content\/uploads\/2026\/04\/WhatsApp-Image-2026-04-29-at-14.14.13-1024x683.jpeg\" alt=\"\" width=\"350\" height=\"233\" srcset=\"https:\/\/azerbaycan.media\/wp-content\/uploads\/2026\/04\/WhatsApp-Image-2026-04-29-at-14.14.13-1024x683.jpeg 1024w, https:\/\/azerbaycan.media\/wp-content\/uploads\/2026\/04\/WhatsApp-Image-2026-04-29-at-14.14.13-768x512.jpeg 768w, https:\/\/azerbaycan.media\/wp-content\/uploads\/2026\/04\/WhatsApp-Image-2026-04-29-at-14.14.13.jpeg 1280w\" sizes=\"auto, (max-width: 350px) 100vw, 350px\" \/><\/p>\n<p>&nbsp;<\/p>\n<p><span style=\"color: #ff0000;\"><strong>M\u0259nb\u0259: Az\u0259rbaycan.media\u00a0<\/strong><\/span><\/p>\n","protected":false},"excerpt":{"rendered":"<p>&nbsp; 28 aprel 2026-c\u0131 il tarixind\u0259 G\u0259ncl\u0259rin \u0130nki\u015faf v\u0259 Karyera M\u0259rk\u0259zinin \u015eirvan-Salyan regional n\u00fcmay\u0259nd\u0259liyinin t\u0259\u015fkilat\u00e7\u0131l\u0131\u011f\u0131, \u015eirvan-Salyan Regional T\u0259hsil \u0130dar\u0259sinin Bil\u0259suvar rayonu \u00fczr\u0259 t\u0259hsil sektorunun v\u0259 Bil\u0259suvar rayon Heyd\u0259r \u018fliyev M\u0259rk\u0259zinin&hellip; <\/p>\n","protected":false},"author":537,"featured_media":77122,"comment_status":"closed","ping_status":"closed","sticky":false,"template":"","format":"standard","meta":{"footnotes":""},"categories":[1,69],"tags":[],"class_list":["post-77121","post","type-post","status-publish","format-standard","has-post-thumbnail","hentry","category-manset","category-thsil"],"_links":{"self":[{"href":"https:\/\/azerbaycan.media\/index.php?rest_route=\/wp\/v2\/posts\/77121","targetHints":{"allow":["GET"]}}],"collection":[{"href":"https:\/\/azerbaycan.media\/index.php?rest_route=\/wp\/v2\/posts"}],"about":[{"href":"https:\/\/azerbaycan.media\/index.php?rest_route=\/wp\/v2\/types\/post"}],"author":[{"embeddable":true,"href":"https:\/\/azerbaycan.media\/index.php?rest_route=\/wp\/v2\/users\/537"}],"replies":[{"embeddable":true,"href":"https:\/\/azerbaycan.media\/index.php?rest_route=%2Fwp%2Fv2%2Fcomments&post=77121"}],"version-history":[{"count":3,"href":"https:\/\/azerbaycan.media\/index.php?rest_route=\/wp\/v2\/posts\/77121\/revisions"}],"predecessor-version":[{"id":77136,"href":"https:\/\/azerbaycan.media\/index.php?rest_route=\/wp\/v2\/posts\/77121\/revisions\/77136"}],"wp:featuredmedia":[{"embeddable":true,"href":"https:\/\/azerbaycan.media\/index.php?rest_route=\/wp\/v2\/media\/77122"}],"wp:attachment":[{"href":"https:\/\/azerbaycan.media\/index.php?rest_route=%2Fwp%2Fv2%2Fmedia&parent=77121"}],"wp:term":[{"taxonomy":"category","embeddable":true,"href":"https:\/\/azerbaycan.media\/index.php?rest_route=%2Fwp%2Fv2%2Fcategories&post=77121"},{"taxonomy":"post_tag","embeddable":true,"href":"https:\/\/azerbaycan.media\/index.php?rest_route=%2Fwp%2Fv2%2Ftags&post=77121"}],"curies":[{"name":"wp","href":"https:\/\/api.w.org\/{rel}","templated":true}]}}