{"id":77114,"date":"2026-04-29T12:40:26","date_gmt":"2026-04-29T08:40:26","guid":{"rendered":"https:\/\/azerbaycan.media\/?p=77114"},"modified":"2026-04-29T12:40:26","modified_gmt":"2026-04-29T08:40:26","slug":"az%c9%99rbaycan-numay%c9%99nd%c9%99-hey%c9%99ti-ir%c9%99vana-s%c9%99f%c9%99r-edib","status":"publish","type":"post","link":"https:\/\/azerbaycan.media\/?p=77114","title":{"rendered":"Az\u0259rbaycan n\u00fcmay\u0259nd\u0259 hey\u0259ti \u0130r\u0259vana s\u0259f\u0259r edib"},"content":{"rendered":"<p><strong>Az\u0259rbaycan.media<\/strong> x\u0259b\u0259r verir ki, Az\u0259rbaycan Ba\u015f nazirinin m\u00fcavini \u015eahin Mustafayevin r\u0259hb\u0259rlik etdiyi n\u00fcmay\u0259nd\u0259 hey\u0259ti \u0130r\u0259vanda s\u0259f\u0259rd\u0259dir.<br \/>\nErm\u0259nistan Xarici \u0130\u015fl\u0259r Nazirliyinin m\u0259lumat\u0131na g\u00f6r\u0259, s\u0259f\u0259rl\u0259 ba\u011fl\u0131 \u0259lav\u0259 detallar\u0131 yax\u0131n vaxtlarda ictimaiyy\u0259t\u0259 a\u00e7\u0131qlanacaq.<br \/>\n\u015eahin Mustafayev h\u0259m\u00e7inin Az\u0259rbaycan v\u0259 Erm\u0259nistan aras\u0131nda d\u00f6vl\u0259t s\u0259rh\u0259dinin delimitasiyas\u0131 \u00fczr\u0259 D\u00f6vl\u0259t Komissiyas\u0131n\u0131n s\u0259dridir. Onun r\u0259hb\u0259rlik etdiyi komissiya \u00e7\u0259r\u00e7iv\u0259sind\u0259 iki \u00f6lk\u0259 aras\u0131nda s\u0259rh\u0259d m\u0259s\u0259l\u0259l\u0259rinin m\u00fczakir\u0259si apar\u0131l\u0131r.<br \/>\nQeyd ed\u0259k ki, Az\u0259rbaycan Respublikas\u0131 il\u0259 Erm\u0259nistan Respublikas\u0131 aras\u0131nda d\u00f6vl\u0259t s\u0259rh\u0259dinin delimitasiyas\u0131 v\u0259 s\u0259rh\u0259d t\u0259hl\u00fck\u0259sizliyi \u00fczr\u0259 komissiyalar\u0131n son g\u00f6r\u00fc\u015f\u00fc \u00f6t\u0259n il noyabr\u0131n 28-d\u0259 Q\u0259b\u0259l\u0259 \u015f\u0259h\u0259rind\u0259 ke\u00e7irilmi\u015fdi.<\/p>\n","protected":false},"excerpt":{"rendered":"<p>Az\u0259rbaycan.media x\u0259b\u0259r verir ki, Az\u0259rbaycan Ba\u015f nazirinin m\u00fcavini \u015eahin Mustafayevin r\u0259hb\u0259rlik etdiyi n\u00fcmay\u0259nd\u0259 hey\u0259ti \u0130r\u0259vanda s\u0259f\u0259rd\u0259dir. Erm\u0259nistan Xarici \u0130\u015fl\u0259r Nazirliyinin m\u0259lumat\u0131na g\u00f6r\u0259, s\u0259f\u0259rl\u0259 ba\u011fl\u0131 \u0259lav\u0259 detallar\u0131 yax\u0131n vaxtlarda ictimaiyy\u0259t\u0259 a\u00e7\u0131qlanacaq.&hellip; <\/p>\n","protected":false},"author":537,"featured_media":77118,"comment_status":"closed","ping_status":"closed","sticky":false,"template":"","format":"standard","meta":{"footnotes":""},"categories":[1,75],"tags":[],"class_list":["post-77114","post","type-post","status-publish","format-standard","has-post-thumbnail","hentry","category-manset","category-xbrlr"],"_links":{"self":[{"href":"https:\/\/azerbaycan.media\/index.php?rest_route=\/wp\/v2\/posts\/77114","targetHints":{"allow":["GET"]}}],"collection":[{"href":"https:\/\/azerbaycan.media\/index.php?rest_route=\/wp\/v2\/posts"}],"about":[{"href":"https:\/\/azerbaycan.media\/index.php?rest_route=\/wp\/v2\/types\/post"}],"author":[{"embeddable":true,"href":"https:\/\/azerbaycan.media\/index.php?rest_route=\/wp\/v2\/users\/537"}],"replies":[{"embeddable":true,"href":"https:\/\/azerbaycan.media\/index.php?rest_route=%2Fwp%2Fv2%2Fcomments&post=77114"}],"version-history":[{"count":2,"href":"https:\/\/azerbaycan.media\/index.php?rest_route=\/wp\/v2\/posts\/77114\/revisions"}],"predecessor-version":[{"id":77120,"href":"https:\/\/azerbaycan.media\/index.php?rest_route=\/wp\/v2\/posts\/77114\/revisions\/77120"}],"wp:featuredmedia":[{"embeddable":true,"href":"https:\/\/azerbaycan.media\/index.php?rest_route=\/wp\/v2\/media\/77118"}],"wp:attachment":[{"href":"https:\/\/azerbaycan.media\/index.php?rest_route=%2Fwp%2Fv2%2Fmedia&parent=77114"}],"wp:term":[{"taxonomy":"category","embeddable":true,"href":"https:\/\/azerbaycan.media\/index.php?rest_route=%2Fwp%2Fv2%2Fcategories&post=77114"},{"taxonomy":"post_tag","embeddable":true,"href":"https:\/\/azerbaycan.media\/index.php?rest_route=%2Fwp%2Fv2%2Ftags&post=77114"}],"curies":[{"name":"wp","href":"https:\/\/api.w.org\/{rel}","templated":true}]}}