{"id":77106,"date":"2026-04-29T12:20:03","date_gmt":"2026-04-29T08:20:03","guid":{"rendered":"https:\/\/azerbaycan.media\/?p=77106"},"modified":"2026-04-29T12:20:03","modified_gmt":"2026-04-29T08:20:03","slug":"wuf13-dovrund%c9%99-baki-metrosunda-is-rejimi-gucl%c9%99ndiril%c9%99c%c9%99k","status":"publish","type":"post","link":"https:\/\/azerbaycan.media\/?p=77106","title":{"rendered":"WUF13 d\u00f6vr\u00fcnd\u0259 Bak\u0131 metrosunda i\u015f rejimi g\u00fccl\u0259ndiril\u0259c\u0259k"},"content":{"rendered":"<p><strong>Az\u0259rbaycan.media<\/strong> x\u0259b\u0259r verir ki, Bak\u0131 Metropoliteni 17\u201322 may 2026-c\u0131 il tarixl\u0259rind\u0259 ke\u00e7iril\u0259c\u0259k \u00dcmumd\u00fcnya \u015e\u0259h\u0259rsalma Forumu (WUF13) d\u00f6vr\u00fcnd\u0259 g\u00fccl\u0259ndirilmi\u015f i\u015f rejimin\u0259 ke\u00e7\u0259c\u0259k.<br \/>\n\u201cBak\u0131 Metropoliteni\u201d QSC-d\u0259n bildirilib ki, forum g\u00fcnl\u0259rind\u0259 s\u0259rni\u015fin ax\u0131n\u0131n\u0131n artmas\u0131 n\u0259z\u0259r\u0259 al\u0131naraq h\u0259r\u0259k\u0259t qrafikin\u0259 z\u0259ruri d\u00fcz\u0259li\u015fl\u0259r edil\u0259c\u0259k v\u0259 pik saatlarda qatarlar\u0131n interval\u0131 minimuma endiril\u0259c\u0259k.<br \/>\nM\u0259lumata g\u00f6r\u0259, s\u0259rni\u015finl\u0259rin rahat v\u0259 t\u0259hl\u00fck\u0259siz da\u015f\u0131nmas\u0131n\u0131 t\u0259min etm\u0259k m\u0259qs\u0259dil\u0259 b\u0259zi stansiyalara \u0259lav\u0259 i\u015f\u00e7i q\u00fcvv\u0259si v\u0259 k\u00f6n\u00fcll\u00fcl\u0259r c\u0259lb olunacaq. Eyni zamanda x\u0259td\u0259 ehtiyat qatarlar da haz\u0131r v\u0259ziyy\u0259td\u0259 saxlan\u0131lacaq.<br \/>\nQurumdan o da qeyd olunub ki, WUF13 m\u00fcdd\u0259tind\u0259 \u0259m\u0259liyyatlar\u0131n daha s\u0259m\u0259r\u0259li t\u0259\u015fkili \u00fc\u00e7\u00fcn aidiyy\u0259ti qurumlarla koordinasiyal\u0131 f\u0259aliyy\u0259t h\u0259yata ke\u00e7iril\u0259c\u0259k.<br \/>\nMetrodan \u00f6d\u0259ni\u015fsiz istifad\u0259 il\u0259 ba\u011fl\u0131 h\u0259r hans\u0131 q\u0259rar\u0131n verilib-verilm\u0259y\u0259c\u0259yi is\u0259 yaln\u0131z WUF13 \u018fm\u0259liyyat \u015eirk\u0259ti il\u0259 birg\u0259 a\u00e7\u0131qlanacaq.<\/p>\n","protected":false},"excerpt":{"rendered":"<p>Az\u0259rbaycan.media x\u0259b\u0259r verir ki, Bak\u0131 Metropoliteni 17\u201322 may 2026-c\u0131 il tarixl\u0259rind\u0259 ke\u00e7iril\u0259c\u0259k \u00dcmumd\u00fcnya \u015e\u0259h\u0259rsalma Forumu (WUF13) d\u00f6vr\u00fcnd\u0259 g\u00fccl\u0259ndirilmi\u015f i\u015f rejimin\u0259 ke\u00e7\u0259c\u0259k. \u201cBak\u0131 Metropoliteni\u201d QSC-d\u0259n bildirilib ki, forum g\u00fcnl\u0259rind\u0259 s\u0259rni\u015fin ax\u0131n\u0131n\u0131n&hellip; <\/p>\n","protected":false},"author":537,"featured_media":77107,"comment_status":"closed","ping_status":"closed","sticky":false,"template":"","format":"standard","meta":{"footnotes":""},"categories":[75],"tags":[],"class_list":["post-77106","post","type-post","status-publish","format-standard","has-post-thumbnail","hentry","category-xbrlr"],"_links":{"self":[{"href":"https:\/\/azerbaycan.media\/index.php?rest_route=\/wp\/v2\/posts\/77106","targetHints":{"allow":["GET"]}}],"collection":[{"href":"https:\/\/azerbaycan.media\/index.php?rest_route=\/wp\/v2\/posts"}],"about":[{"href":"https:\/\/azerbaycan.media\/index.php?rest_route=\/wp\/v2\/types\/post"}],"author":[{"embeddable":true,"href":"https:\/\/azerbaycan.media\/index.php?rest_route=\/wp\/v2\/users\/537"}],"replies":[{"embeddable":true,"href":"https:\/\/azerbaycan.media\/index.php?rest_route=%2Fwp%2Fv2%2Fcomments&post=77106"}],"version-history":[{"count":2,"href":"https:\/\/azerbaycan.media\/index.php?rest_route=\/wp\/v2\/posts\/77106\/revisions"}],"predecessor-version":[{"id":77109,"href":"https:\/\/azerbaycan.media\/index.php?rest_route=\/wp\/v2\/posts\/77106\/revisions\/77109"}],"wp:featuredmedia":[{"embeddable":true,"href":"https:\/\/azerbaycan.media\/index.php?rest_route=\/wp\/v2\/media\/77107"}],"wp:attachment":[{"href":"https:\/\/azerbaycan.media\/index.php?rest_route=%2Fwp%2Fv2%2Fmedia&parent=77106"}],"wp:term":[{"taxonomy":"category","embeddable":true,"href":"https:\/\/azerbaycan.media\/index.php?rest_route=%2Fwp%2Fv2%2Fcategories&post=77106"},{"taxonomy":"post_tag","embeddable":true,"href":"https:\/\/azerbaycan.media\/index.php?rest_route=%2Fwp%2Fv2%2Ftags&post=77106"}],"curies":[{"name":"wp","href":"https:\/\/api.w.org\/{rel}","templated":true}]}}